{"id":4020,"date":"2021-09-23T10:45:58","date_gmt":"2021-09-23T08:45:58","guid":{"rendered":"https:\/\/carlmalmsten.se\/?p=4020"},"modified":"2021-12-13T10:55:55","modified_gmt":"2021-12-13T09:55:55","slug":"jonkoping-2","status":"publish","type":"post","link":"https:\/\/carlmalmstenstiftelsen.se\/en\/jonkoping-2\/","title":{"rendered":"J\u00f6nk\u00f6ping"},"content":{"rendered":"<p><span style=\"font-weight: 400;\">The cabinet was designed by Carl Malmsten in 1956 in collaboration with the interior designer Eyvind Beckman. It was made for J\u00f6nk\u00f6ping County Museum for the display of artefacts, but was only recently brought into production and is now part of the new Archive Collection.<\/span><\/p>\n<img loading=\"lazy\" decoding=\"async\" class=\"alignnone size-full wp-image-3914\" src=\"https:\/\/carlmalmstenstiftelsen.sewp-content\/uploads\/2021\/10\/Detalj.jpeg\" alt=\"\" width=\"732\" height=\"1024\" srcset=\"https:\/\/carlmalmstenstiftelsen.se\/wp-content\/uploads\/2021\/10\/Detalj.jpeg 732w, https:\/\/carlmalmstenstiftelsen.se\/wp-content\/uploads\/2021\/10\/Detalj-214x300.jpeg 214w, https:\/\/carlmalmstenstiftelsen.se\/wp-content\/uploads\/2021\/10\/Detalj-715x1000.jpeg 715w\" sizes=\"auto, (max-width: 732px) 100vw, 732px\" \/>\n<p><span style=\"font-weight: 400;\">\u201dIt has such a fine construction\u201d, says cabinet maker Martin Altwegg. The glass is fixed in a groove, without any nails or screws. The doors on the sides give a solid glass display front. The leg stand is held together with pegs, which means the cabinet can be assembled without fixings.<\/span><\/p>\n<p><span style=\"font-weight: 400;\">In addition to the first prototype, two cabinets have been ordered. One has recently been delivered and the other is in the finishing stages. They are made by Martin in his workshop in Sandemar old school, where he and the family live. It takes him at least 50 hours to make a cabinet. So far, they have been made in birch, but he is considering using other types of wood.<\/span><\/p>\n<p><span style=\"font-weight: 400;\">Developing prototypes for Carl Malmsten and ensuring that the furniture made by the different licensed manufacturers maintain high quality requires solid knowledge both in the craft of cabinet making and industrial production technology. And a good eye for design.<\/span><\/p>\n<img loading=\"lazy\" decoding=\"async\" class=\"alignnone size-full wp-image-4021\" src=\"https:\/\/carlmalmstenstiftelsen.sewp-content\/uploads\/2021\/12\/fram_2-824x1024-1.jpg\" alt=\"\" width=\"824\" height=\"1024\" srcset=\"https:\/\/carlmalmstenstiftelsen.se\/wp-content\/uploads\/2021\/12\/fram_2-824x1024-1.jpg 824w, https:\/\/carlmalmstenstiftelsen.se\/wp-content\/uploads\/2021\/12\/fram_2-824x1024-1-241x300.jpg 241w, https:\/\/carlmalmstenstiftelsen.se\/wp-content\/uploads\/2021\/12\/fram_2-824x1024-1-768x954.jpg 768w, https:\/\/carlmalmstenstiftelsen.se\/wp-content\/uploads\/2021\/12\/fram_2-824x1024-1-805x1000.jpg 805w\" sizes=\"auto, (max-width: 824px) 100vw, 824px\" \/>\n<p>&nbsp;<\/p>\n<p><span style=\"font-weight: 400;\">Martin Altwegg is cut out for the job.<\/span><\/p>\n<p><span style=\"font-weight: 400;\">In spring 2001, Martin together with his classmates became the first ever students to gain an academic degree in furniture making in Sweden (and perhaps in the world). This, since Malmstensskolan became a part of Link\u00f6ping University and the course changed from two to three years. When Martin, who was born in Switzerland, had finished his journeyman\u2019s masterpiece he returned to Z\u00fcrich for four years study in industrial design.<\/span><\/p>\n<div id=\"attachment_3918\" style=\"width: 350px\" class=\"wp-caption aligncenter\"><img loading=\"lazy\" decoding=\"async\" aria-describedby=\"caption-attachment-3918\" class=\"wp-image-3918 size-full\" src=\"https:\/\/carlmalmstenstiftelsen.sewp-content\/uploads\/2021\/10\/employee_image_maral20.jpg\" alt=\"\" width=\"340\" height=\"340\" srcset=\"https:\/\/carlmalmstenstiftelsen.se\/wp-content\/uploads\/2021\/10\/employee_image_maral20.jpg 340w, https:\/\/carlmalmstenstiftelsen.se\/wp-content\/uploads\/2021\/10\/employee_image_maral20-300x300.jpg 300w, https:\/\/carlmalmstenstiftelsen.se\/wp-content\/uploads\/2021\/10\/employee_image_maral20-150x150.jpg 150w\" sizes=\"auto, (max-width: 340px) 100vw, 340px\" \/><p id=\"caption-attachment-3918\" class=\"wp-caption-text\">Martin Altwegg<\/p><\/div>\n<p><span style=\"font-weight: 400;\">Today, Martin lives in the old school together with Lilian de Souza and their three children, and has been teaching at Malmstens Link\u00f6ping University for ten years. He also runs his own joinery with Malmsten, Svenskt tenn and K\u00e4llemo as clients. In addition, Martin and Lilian have their own brand Atelj\u00e9 Sandemar, with a first collection produced in collaboration with designer David Ericsson.<\/span><\/p>\n<p><span style=\"font-weight: 400;\">\u201dWhen working with Malmsten furniture, I naturally start with the original drawing. But I also have to investigate the possibilities of adapting it to modern production methods to ensure that manufacturing at the selected furniture companies is efficient\u201d, he says.<\/span><\/p>\n<p><span style=\"font-weight: 400;\">This thus becomes quality control as well as an aid for the manufacturers. A joint process. And all changes are carefully documented.<\/span><\/p>\n<p><span style=\"font-weight: 400;\">\u201dAll pieces of furniture should breathe quality, that is the be-all and end-all\u201d, says Martin. I want to see a distinct form and good surface finish. The material must be of high quality and carefully chosen.\u201d<\/span><\/p>\n<p><span style=\"font-weight: 400;\">\u201cThis may sound obvious, but is not as easy when talking about joinery largely linked to industrial production\u201d, he explains.<\/span><\/p>\n<p><span style=\"font-weight: 400;\">\u201dThe end result is to produce furniture of very high quality. And that Malmsten furniture from different manufacturers should blend, speak the same language, when they stand together in a home\u201d.<\/span><\/p>\n<img loading=\"lazy\" decoding=\"async\" class=\"alignnone size-full wp-image-3916\" src=\"https:\/\/carlmalmstenstiftelsen.sewp-content\/uploads\/2021\/10\/Skap.jpeg\" alt=\"\" width=\"732\" height=\"1024\" srcset=\"https:\/\/carlmalmstenstiftelsen.se\/wp-content\/uploads\/2021\/10\/Skap.jpeg 732w, https:\/\/carlmalmstenstiftelsen.se\/wp-content\/uploads\/2021\/10\/Skap-214x300.jpeg 214w, https:\/\/carlmalmstenstiftelsen.se\/wp-content\/uploads\/2021\/10\/Skap-715x1000.jpeg 715w\" sizes=\"auto, (max-width: 732px) 100vw, 732px\" \/>\n<p><span style=\"font-weight: 400;\">The crafting of the exclusive J\u00f6nk\u00f6ping cabinet has been left entirely to Martin by the Siv and Carl Malmsten Foundation.<\/span><\/p>\n<p><span style=\"font-weight: 400;\">Dan Gordan<\/span><\/p>\n","protected":false},"excerpt":{"rendered":"<p>The cabinet was designed by Carl Malmsten in 1956 in collaboration with the interior designer Eyvind Beckman. It was made for J\u00f6nk\u00f6ping County Museum for the display of artefacts, but was only recently brought into production and is now part of the new Archive Collection. \u201dIt has such a fine construction\u201d, says cabinet maker Martin [&hellip;]<\/p>\n","protected":false},"author":6,"featured_media":3951,"comment_status":"closed","ping_status":"closed","sticky":false,"template":"","format":"standard","meta":{"_acf_changed":false,"inline_featured_image":false,"footnotes":""},"categories":[13],"tags":[],"class_list":["post-4020","post","type-post","status-publish","format-standard","has-post-thumbnail","hentry","category-uncategorized"],"acf":[],"yoast_head":"<!-- This site is optimized with the Yoast SEO plugin v26.4 - https:\/\/yoast.com\/wordpress\/plugins\/seo\/ -->\n<title>J\u00f6nk\u00f6ping - Carl Malmsten<\/title>\n<meta name=\"robots\" content=\"index, follow, max-snippet:-1, max-image-preview:large, max-video-preview:-1\" \/>\n<link rel=\"canonical\" href=\"https:\/\/carlmalmstenstiftelsen.se\/en\/jonkoping-2\/\" \/>\n<meta property=\"og:locale\" content=\"en_US\" \/>\n<meta property=\"og:type\" content=\"article\" \/>\n<meta property=\"og:title\" content=\"J\u00f6nk\u00f6ping - Carl Malmsten\" \/>\n<meta property=\"og:description\" content=\"The cabinet was designed by Carl Malmsten in 1956 in collaboration with the interior designer Eyvind Beckman. It was made for J\u00f6nk\u00f6ping County Museum for the display of artefacts, but was only recently brought into production and is now part of the new Archive Collection. \u201dIt has such a fine construction\u201d, says cabinet maker Martin [&hellip;]\" \/>\n<meta property=\"og:url\" content=\"https:\/\/carlmalmstenstiftelsen.se\/en\/jonkoping-2\/\" \/>\n<meta property=\"og:site_name\" content=\"Carl Malmsten\" \/>\n<meta property=\"article:published_time\" content=\"2021-09-23T08:45:58+00:00\" \/>\n<meta property=\"article:modified_time\" content=\"2021-12-13T09:55:55+00:00\" \/>\n<meta property=\"og:image\" content=\"https:\/\/carlmalmstenstiftelsen.se\/wp-content\/uploads\/2019\/02\/detaljbild-1-683x1024.jpg\" \/>\n\t<meta property=\"og:image:width\" content=\"683\" \/>\n\t<meta property=\"og:image:height\" content=\"1024\" \/>\n\t<meta property=\"og:image:type\" content=\"image\/jpeg\" \/>\n<meta name=\"author\" content=\"Mats\" \/>\n<meta name=\"twitter:card\" content=\"summary_large_image\" \/>\n<meta name=\"twitter:label1\" content=\"Written by\" \/>\n\t<meta name=\"twitter:data1\" content=\"Mats\" \/>\n\t<meta name=\"twitter:label2\" content=\"Est. reading time\" \/>\n\t<meta name=\"twitter:data2\" content=\"3 minutes\" \/>\n<script type=\"application\/ld+json\" class=\"yoast-schema-graph\">{\"@context\":\"https:\/\/schema.org\",\"@graph\":[{\"@type\":\"Article\",\"@id\":\"https:\/\/carlmalmstenstiftelsen.se\/en\/jonkoping-2\/#article\",\"isPartOf\":{\"@id\":\"https:\/\/carlmalmstenstiftelsen.se\/en\/jonkoping-2\/\"},\"author\":{\"name\":\"Mats\",\"@id\":\"https:\/\/carlmalmstenstiftelsen.se\/en\/#\/schema\/person\/40435a9b7208eda7acc0f47450f6924a\"},\"headline\":\"J\u00f6nk\u00f6ping\",\"datePublished\":\"2021-09-23T08:45:58+00:00\",\"dateModified\":\"2021-12-13T09:55:55+00:00\",\"mainEntityOfPage\":{\"@id\":\"https:\/\/carlmalmstenstiftelsen.se\/en\/jonkoping-2\/\"},\"wordCount\":535,\"publisher\":{\"@id\":\"https:\/\/carlmalmstenstiftelsen.se\/en\/#organization\"},\"image\":{\"@id\":\"https:\/\/carlmalmstenstiftelsen.se\/en\/jonkoping-2\/#primaryimage\"},\"thumbnailUrl\":\"https:\/\/carlmalmstenstiftelsen.se\/wp-content\/uploads\/2019\/02\/detaljbild-1.jpg\",\"inLanguage\":\"en-US\"},{\"@type\":\"WebPage\",\"@id\":\"https:\/\/carlmalmstenstiftelsen.se\/en\/jonkoping-2\/\",\"url\":\"https:\/\/carlmalmstenstiftelsen.se\/en\/jonkoping-2\/\",\"name\":\"J\u00f6nk\u00f6ping - Carl Malmsten\",\"isPartOf\":{\"@id\":\"https:\/\/carlmalmstenstiftelsen.se\/en\/#website\"},\"primaryImageOfPage\":{\"@id\":\"https:\/\/carlmalmstenstiftelsen.se\/en\/jonkoping-2\/#primaryimage\"},\"image\":{\"@id\":\"https:\/\/carlmalmstenstiftelsen.se\/en\/jonkoping-2\/#primaryimage\"},\"thumbnailUrl\":\"https:\/\/carlmalmstenstiftelsen.se\/wp-content\/uploads\/2019\/02\/detaljbild-1.jpg\",\"datePublished\":\"2021-09-23T08:45:58+00:00\",\"dateModified\":\"2021-12-13T09:55:55+00:00\",\"breadcrumb\":{\"@id\":\"https:\/\/carlmalmstenstiftelsen.se\/en\/jonkoping-2\/#breadcrumb\"},\"inLanguage\":\"en-US\",\"potentialAction\":[{\"@type\":\"ReadAction\",\"target\":[\"https:\/\/carlmalmstenstiftelsen.se\/en\/jonkoping-2\/\"]}]},{\"@type\":\"ImageObject\",\"inLanguage\":\"en-US\",\"@id\":\"https:\/\/carlmalmstenstiftelsen.se\/en\/jonkoping-2\/#primaryimage\",\"url\":\"https:\/\/carlmalmstenstiftelsen.se\/wp-content\/uploads\/2019\/02\/detaljbild-1.jpg\",\"contentUrl\":\"https:\/\/carlmalmstenstiftelsen.se\/wp-content\/uploads\/2019\/02\/detaljbild-1.jpg\",\"width\":5505,\"height\":8258},{\"@type\":\"BreadcrumbList\",\"@id\":\"https:\/\/carlmalmstenstiftelsen.se\/en\/jonkoping-2\/#breadcrumb\",\"itemListElement\":[{\"@type\":\"ListItem\",\"position\":1,\"name\":\"Hem\",\"item\":\"https:\/\/carlmalmstenstiftelsen.se\/en\/\"},{\"@type\":\"ListItem\",\"position\":2,\"name\":\"J\u00f6nk\u00f6ping\"}]},{\"@type\":\"WebSite\",\"@id\":\"https:\/\/carlmalmstenstiftelsen.se\/en\/#website\",\"url\":\"https:\/\/carlmalmstenstiftelsen.se\/en\/\",\"name\":\"Carl Malmsten\",\"description\":\"M\u00f6belm\u00e4staren\",\"publisher\":{\"@id\":\"https:\/\/carlmalmstenstiftelsen.se\/en\/#organization\"},\"potentialAction\":[{\"@type\":\"SearchAction\",\"target\":{\"@type\":\"EntryPoint\",\"urlTemplate\":\"https:\/\/carlmalmstenstiftelsen.se\/en\/?s={search_term_string}\"},\"query-input\":{\"@type\":\"PropertyValueSpecification\",\"valueRequired\":true,\"valueName\":\"search_term_string\"}}],\"inLanguage\":\"en-US\"},{\"@type\":\"Organization\",\"@id\":\"https:\/\/carlmalmstenstiftelsen.se\/en\/#organization\",\"name\":\"Carl Malmsten\",\"url\":\"https:\/\/carlmalmstenstiftelsen.se\/en\/\",\"logo\":{\"@type\":\"ImageObject\",\"inLanguage\":\"en-US\",\"@id\":\"https:\/\/carlmalmstenstiftelsen.se\/en\/#\/schema\/logo\/image\/\",\"url\":\"https:\/\/carlmalmstenstiftelsen.se\/wp-content\/uploads\/2023\/01\/STIFTELSEN-sigill-svart-3.png\",\"contentUrl\":\"https:\/\/carlmalmstenstiftelsen.se\/wp-content\/uploads\/2023\/01\/STIFTELSEN-sigill-svart-3.png\",\"width\":1442,\"height\":854,\"caption\":\"Carl Malmsten\"},\"image\":{\"@id\":\"https:\/\/carlmalmstenstiftelsen.se\/en\/#\/schema\/logo\/image\/\"}},{\"@type\":\"Person\",\"@id\":\"https:\/\/carlmalmstenstiftelsen.se\/en\/#\/schema\/person\/40435a9b7208eda7acc0f47450f6924a\",\"name\":\"Mats\",\"image\":{\"@type\":\"ImageObject\",\"inLanguage\":\"en-US\",\"@id\":\"https:\/\/carlmalmstenstiftelsen.se\/en\/#\/schema\/person\/image\/\",\"url\":\"https:\/\/secure.gravatar.com\/avatar\/0b131c81e29eca88bb2e25680ef9f01a5d9993c18a5a1ff3e0c4b6a50ac4edad?s=96&d=mm&r=g\",\"contentUrl\":\"https:\/\/secure.gravatar.com\/avatar\/0b131c81e29eca88bb2e25680ef9f01a5d9993c18a5a1ff3e0c4b6a50ac4edad?s=96&d=mm&r=g\",\"caption\":\"Mats\"},\"url\":\"https:\/\/carlmalmstenstiftelsen.se\/en\/author\/mats\/\"}]}<\/script>\n<!-- \/ Yoast SEO plugin. -->","yoast_head_json":{"title":"J\u00f6nk\u00f6ping - Carl Malmsten","robots":{"index":"index","follow":"follow","max-snippet":"max-snippet:-1","max-image-preview":"max-image-preview:large","max-video-preview":"max-video-preview:-1"},"canonical":"https:\/\/carlmalmstenstiftelsen.se\/en\/jonkoping-2\/","og_locale":"en_US","og_type":"article","og_title":"J\u00f6nk\u00f6ping - Carl Malmsten","og_description":"The cabinet was designed by Carl Malmsten in 1956 in collaboration with the interior designer Eyvind Beckman. It was made for J\u00f6nk\u00f6ping County Museum for the display of artefacts, but was only recently brought into production and is now part of the new Archive Collection. \u201dIt has such a fine construction\u201d, says cabinet maker Martin [&hellip;]","og_url":"https:\/\/carlmalmstenstiftelsen.se\/en\/jonkoping-2\/","og_site_name":"Carl Malmsten","article_published_time":"2021-09-23T08:45:58+00:00","article_modified_time":"2021-12-13T09:55:55+00:00","og_image":[{"width":683,"height":1024,"url":"https:\/\/carlmalmstenstiftelsen.se\/wp-content\/uploads\/2019\/02\/detaljbild-1-683x1024.jpg","type":"image\/jpeg"}],"author":"Mats","twitter_card":"summary_large_image","twitter_misc":{"Written by":"Mats","Est. reading time":"3 minutes"},"schema":{"@context":"https:\/\/schema.org","@graph":[{"@type":"Article","@id":"https:\/\/carlmalmstenstiftelsen.se\/en\/jonkoping-2\/#article","isPartOf":{"@id":"https:\/\/carlmalmstenstiftelsen.se\/en\/jonkoping-2\/"},"author":{"name":"Mats","@id":"https:\/\/carlmalmstenstiftelsen.se\/en\/#\/schema\/person\/40435a9b7208eda7acc0f47450f6924a"},"headline":"J\u00f6nk\u00f6ping","datePublished":"2021-09-23T08:45:58+00:00","dateModified":"2021-12-13T09:55:55+00:00","mainEntityOfPage":{"@id":"https:\/\/carlmalmstenstiftelsen.se\/en\/jonkoping-2\/"},"wordCount":535,"publisher":{"@id":"https:\/\/carlmalmstenstiftelsen.se\/en\/#organization"},"image":{"@id":"https:\/\/carlmalmstenstiftelsen.se\/en\/jonkoping-2\/#primaryimage"},"thumbnailUrl":"https:\/\/carlmalmstenstiftelsen.se\/wp-content\/uploads\/2019\/02\/detaljbild-1.jpg","inLanguage":"en-US"},{"@type":"WebPage","@id":"https:\/\/carlmalmstenstiftelsen.se\/en\/jonkoping-2\/","url":"https:\/\/carlmalmstenstiftelsen.se\/en\/jonkoping-2\/","name":"J\u00f6nk\u00f6ping - Carl Malmsten","isPartOf":{"@id":"https:\/\/carlmalmstenstiftelsen.se\/en\/#website"},"primaryImageOfPage":{"@id":"https:\/\/carlmalmstenstiftelsen.se\/en\/jonkoping-2\/#primaryimage"},"image":{"@id":"https:\/\/carlmalmstenstiftelsen.se\/en\/jonkoping-2\/#primaryimage"},"thumbnailUrl":"https:\/\/carlmalmstenstiftelsen.se\/wp-content\/uploads\/2019\/02\/detaljbild-1.jpg","datePublished":"2021-09-23T08:45:58+00:00","dateModified":"2021-12-13T09:55:55+00:00","breadcrumb":{"@id":"https:\/\/carlmalmstenstiftelsen.se\/en\/jonkoping-2\/#breadcrumb"},"inLanguage":"en-US","potentialAction":[{"@type":"ReadAction","target":["https:\/\/carlmalmstenstiftelsen.se\/en\/jonkoping-2\/"]}]},{"@type":"ImageObject","inLanguage":"en-US","@id":"https:\/\/carlmalmstenstiftelsen.se\/en\/jonkoping-2\/#primaryimage","url":"https:\/\/carlmalmstenstiftelsen.se\/wp-content\/uploads\/2019\/02\/detaljbild-1.jpg","contentUrl":"https:\/\/carlmalmstenstiftelsen.se\/wp-content\/uploads\/2019\/02\/detaljbild-1.jpg","width":5505,"height":8258},{"@type":"BreadcrumbList","@id":"https:\/\/carlmalmstenstiftelsen.se\/en\/jonkoping-2\/#breadcrumb","itemListElement":[{"@type":"ListItem","position":1,"name":"Hem","item":"https:\/\/carlmalmstenstiftelsen.se\/en\/"},{"@type":"ListItem","position":2,"name":"J\u00f6nk\u00f6ping"}]},{"@type":"WebSite","@id":"https:\/\/carlmalmstenstiftelsen.se\/en\/#website","url":"https:\/\/carlmalmstenstiftelsen.se\/en\/","name":"Carl Malmsten","description":"M\u00f6belm\u00e4staren","publisher":{"@id":"https:\/\/carlmalmstenstiftelsen.se\/en\/#organization"},"potentialAction":[{"@type":"SearchAction","target":{"@type":"EntryPoint","urlTemplate":"https:\/\/carlmalmstenstiftelsen.se\/en\/?s={search_term_string}"},"query-input":{"@type":"PropertyValueSpecification","valueRequired":true,"valueName":"search_term_string"}}],"inLanguage":"en-US"},{"@type":"Organization","@id":"https:\/\/carlmalmstenstiftelsen.se\/en\/#organization","name":"Carl Malmsten","url":"https:\/\/carlmalmstenstiftelsen.se\/en\/","logo":{"@type":"ImageObject","inLanguage":"en-US","@id":"https:\/\/carlmalmstenstiftelsen.se\/en\/#\/schema\/logo\/image\/","url":"https:\/\/carlmalmstenstiftelsen.se\/wp-content\/uploads\/2023\/01\/STIFTELSEN-sigill-svart-3.png","contentUrl":"https:\/\/carlmalmstenstiftelsen.se\/wp-content\/uploads\/2023\/01\/STIFTELSEN-sigill-svart-3.png","width":1442,"height":854,"caption":"Carl Malmsten"},"image":{"@id":"https:\/\/carlmalmstenstiftelsen.se\/en\/#\/schema\/logo\/image\/"}},{"@type":"Person","@id":"https:\/\/carlmalmstenstiftelsen.se\/en\/#\/schema\/person\/40435a9b7208eda7acc0f47450f6924a","name":"Mats","image":{"@type":"ImageObject","inLanguage":"en-US","@id":"https:\/\/carlmalmstenstiftelsen.se\/en\/#\/schema\/person\/image\/","url":"https:\/\/secure.gravatar.com\/avatar\/0b131c81e29eca88bb2e25680ef9f01a5d9993c18a5a1ff3e0c4b6a50ac4edad?s=96&d=mm&r=g","contentUrl":"https:\/\/secure.gravatar.com\/avatar\/0b131c81e29eca88bb2e25680ef9f01a5d9993c18a5a1ff3e0c4b6a50ac4edad?s=96&d=mm&r=g","caption":"Mats"},"url":"https:\/\/carlmalmstenstiftelsen.se\/en\/author\/mats\/"}]}},"_links":{"self":[{"href":"https:\/\/carlmalmstenstiftelsen.se\/en\/wp-json\/wp\/v2\/posts\/4020","targetHints":{"allow":["GET"]}}],"collection":[{"href":"https:\/\/carlmalmstenstiftelsen.se\/en\/wp-json\/wp\/v2\/posts"}],"about":[{"href":"https:\/\/carlmalmstenstiftelsen.se\/en\/wp-json\/wp\/v2\/types\/post"}],"author":[{"embeddable":true,"href":"https:\/\/carlmalmstenstiftelsen.se\/en\/wp-json\/wp\/v2\/users\/6"}],"replies":[{"embeddable":true,"href":"https:\/\/carlmalmstenstiftelsen.se\/en\/wp-json\/wp\/v2\/comments?post=4020"}],"version-history":[{"count":1,"href":"https:\/\/carlmalmstenstiftelsen.se\/en\/wp-json\/wp\/v2\/posts\/4020\/revisions"}],"predecessor-version":[{"id":4023,"href":"https:\/\/carlmalmstenstiftelsen.se\/en\/wp-json\/wp\/v2\/posts\/4020\/revisions\/4023"}],"wp:featuredmedia":[{"embeddable":true,"href":"https:\/\/carlmalmstenstiftelsen.se\/en\/wp-json\/wp\/v2\/media\/3951"}],"wp:attachment":[{"href":"https:\/\/carlmalmstenstiftelsen.se\/en\/wp-json\/wp\/v2\/media?parent=4020"}],"wp:term":[{"taxonomy":"category","embeddable":true,"href":"https:\/\/carlmalmstenstiftelsen.se\/en\/wp-json\/wp\/v2\/categories?post=4020"},{"taxonomy":"post_tag","embeddable":true,"href":"https:\/\/carlmalmstenstiftelsen.se\/en\/wp-json\/wp\/v2\/tags?post=4020"}],"curies":[{"name":"wp","href":"https:\/\/api.w.org\/{rel}","templated":true}]}}