{"id":4014,"date":"2021-11-10T10:19:49","date_gmt":"2021-11-10T09:19:49","guid":{"rendered":"https:\/\/carlmalmsten.se\/?p=4014"},"modified":"2021-12-13T10:24:21","modified_gmt":"2021-12-13T09:24:21","slug":"bla-porten","status":"publish","type":"post","link":"https:\/\/carlmalmstenstiftelsen.se\/en\/bla-porten\/","title":{"rendered":"Bl\u00e5 porten"},"content":{"rendered":"<p><span style=\"font-weight: 400;\">\u201cWe produce more Lilla \u00c5land chairs than ever before\u201d, says a satisfied Martin Johansson, CEO and owner of\u00a0 Stolab.<\/span><\/p>\n<p><span style=\"font-weight: 400;\">The ultimate spindle-back chair was born during a woodcrafting course that Carl Malmsten held with his pupils on \u00c5land in 1939. In the old church in Finstr\u00f6m he found a hand-carved spindle-back chair where <\/span><span style=\"font-weight: 400;\">\u00a0\u201cthe curved verve of the seat and the caressing, backside-friendly recess\u201d took him by storm. His assistant Sven Erik Fryklund took measurements and the final product was developed back at the factory. Three years later, production of Lilla \u00c5land became a reality.<\/span><\/p>\n<p><span style=\"font-weight: 400;\">\u201dThis year, we are talking about almost 25,000 chairs, including the armchair and infant chair. And the growth rate is strong\u201d, Martin Johansson explains.<\/span><\/p>\n<p><span style=\"font-weight: 400;\">The majority of people who buy the chair, which celebrates its 80<\/span><span style=\"font-weight: 400;\">th<\/span><span style=\"font-weight: 400;\"> anniversary next year, are private individuals. But public spaces are also often furnished with Lilla \u00c5land. Through Yllw interior services, Stolab has delivered almost 400 chairs for the 177 apartments in the newly opened Biz Apartment hotel in Bromma.<\/span><\/p>\n<p><span style=\"font-weight: 400;\">Lilla \u00c5land is even more visible at the re-opened restaurant Bl\u00e5 Porten at Liljevalchs. As the art gallery on Djurg\u00e5rden was being renovated and extended,\u00a0 the City of Stockholm took the opportunity to restore the adjacent restaurant\/cafe, just as historical as Liljevalchs \u2013 both opened in the summer of 1916. During the restoration, the ceiling was cleaned to reveal original paintings. The walls\u00a0 glow in Pompeian red, a colour which became popular in the 1920s and recurs in the facades of the art gallery.<\/span><\/p>\n<img loading=\"lazy\" decoding=\"async\" class=\"alignnone size-full wp-image-3986\" src=\"https:\/\/carlmalmstenstiftelsen.sewp-content\/uploads\/2021\/11\/IMG_0767-scaled-e1636547927790.jpg\" alt=\"\" width=\"2009\" height=\"2560\" \/>\n<p><span style=\"font-weight: 400;\">The restaurant is furnished with Carl Malmsten classics. Around 200 Lilla \u00c5land chairs are in place. Some are painted in Stolab\u2019s midnight blue colour, but most are in a custom-made warm grey colour, created by the interior designer in charge, Richard Lindvall in collaboration with conservators.<\/span><\/p>\n<p><span style=\"font-weight: 400;\">\u201cUp until now, I have worked mostly with minimalist style interiors, with a hard design language featuring a lot of metal and concrete. So Bl\u00e5 Porten was something completely new for me. It was important to meet the guest\u2019s expectations of such classic surroundings, which is why I chose to use Swedish furniture only\u201d.<\/span><\/p>\n<p><span style=\"font-weight: 400;\">\u201cWe have already received a lot of praise and people feel welcome\u201d, says Richard Lindvall. And the quality of the furniture has to be the best, to accommodate around 2,000 guests per day.<\/span><\/p>\n<p>&nbsp;<\/p>\n<p><span style=\"font-weight: 400;\">In addition to the spindle-back chairs, Richard Lindvall selected three tables from Tre Sekel, among them a few Visings\u00f6 by Carl Malmsten. The Italian style garden contains furniture from Byarums Bruk and Guteform.<\/span><\/p>\n<p><span style=\"font-weight: 400;\">Thus, Bl\u00e5 Porten, with the aid of Carl Malmsten, has regained its position as a destination and oasis for all those strolling around Djurg\u00e5rden even in our time.<\/span><\/p>\n<p>Text: Dan Gordan<\/p>\n","protected":false},"excerpt":{"rendered":"<p>\u201cWe produce more Lilla \u00c5land chairs than ever before\u201d, says a satisfied Martin Johansson, CEO and owner of\u00a0 Stolab. The ultimate spindle-back chair was born during a woodcrafting course that Carl Malmsten held with his pupils on \u00c5land in 1939. In the old church in Finstr\u00f6m he found a hand-carved spindle-back chair where \u00a0\u201cthe curved [&hellip;]<\/p>\n","protected":false},"author":6,"featured_media":3988,"comment_status":"closed","ping_status":"closed","sticky":false,"template":"","format":"standard","meta":{"_acf_changed":false,"inline_featured_image":false,"footnotes":""},"categories":[13],"tags":[],"class_list":["post-4014","post","type-post","status-publish","format-standard","has-post-thumbnail","hentry","category-uncategorized"],"acf":[],"yoast_head":"<!-- This site is optimized with the Yoast SEO plugin v26.4 - https:\/\/yoast.com\/wordpress\/plugins\/seo\/ -->\n<title>Bl\u00e5 porten - Carl Malmsten<\/title>\n<meta name=\"robots\" content=\"index, follow, max-snippet:-1, max-image-preview:large, max-video-preview:-1\" \/>\n<link rel=\"canonical\" href=\"https:\/\/carlmalmstenstiftelsen.se\/en\/bla-porten\/\" \/>\n<meta property=\"og:locale\" content=\"en_US\" \/>\n<meta property=\"og:type\" content=\"article\" \/>\n<meta property=\"og:title\" content=\"Bl\u00e5 porten - Carl Malmsten\" \/>\n<meta property=\"og:description\" content=\"\u201cWe produce more Lilla \u00c5land chairs than ever before\u201d, says a satisfied Martin Johansson, CEO and owner of\u00a0 Stolab. The ultimate spindle-back chair was born during a woodcrafting course that Carl Malmsten held with his pupils on \u00c5land in 1939. In the old church in Finstr\u00f6m he found a hand-carved spindle-back chair where \u00a0\u201cthe curved [&hellip;]\" \/>\n<meta property=\"og:url\" content=\"https:\/\/carlmalmstenstiftelsen.se\/en\/bla-porten\/\" \/>\n<meta property=\"og:site_name\" content=\"Carl Malmsten\" \/>\n<meta property=\"article:published_time\" content=\"2021-11-10T09:19:49+00:00\" \/>\n<meta property=\"article:modified_time\" content=\"2021-12-13T09:24:21+00:00\" \/>\n<meta property=\"og:image\" content=\"https:\/\/carlmalmstenstiftelsen.se\/wp-content\/uploads\/2021\/11\/IMG-4927-scaled.jpg\" \/>\n\t<meta property=\"og:image:width\" content=\"1920\" \/>\n\t<meta property=\"og:image:height\" content=\"2560\" \/>\n\t<meta property=\"og:image:type\" content=\"image\/jpeg\" \/>\n<meta name=\"author\" content=\"Mats\" \/>\n<meta name=\"twitter:card\" content=\"summary_large_image\" \/>\n<meta name=\"twitter:label1\" content=\"Written by\" \/>\n\t<meta name=\"twitter:data1\" content=\"Mats\" \/>\n\t<meta name=\"twitter:label2\" content=\"Est. reading time\" \/>\n\t<meta name=\"twitter:data2\" content=\"2 minutes\" \/>\n<script type=\"application\/ld+json\" class=\"yoast-schema-graph\">{\"@context\":\"https:\/\/schema.org\",\"@graph\":[{\"@type\":\"Article\",\"@id\":\"https:\/\/carlmalmstenstiftelsen.se\/en\/bla-porten\/#article\",\"isPartOf\":{\"@id\":\"https:\/\/carlmalmstenstiftelsen.se\/en\/bla-porten\/\"},\"author\":{\"name\":\"Mats\",\"@id\":\"https:\/\/carlmalmstenstiftelsen.se\/en\/#\/schema\/person\/40435a9b7208eda7acc0f47450f6924a\"},\"headline\":\"Bl\u00e5 porten\",\"datePublished\":\"2021-11-10T09:19:49+00:00\",\"dateModified\":\"2021-12-13T09:24:21+00:00\",\"mainEntityOfPage\":{\"@id\":\"https:\/\/carlmalmstenstiftelsen.se\/en\/bla-porten\/\"},\"wordCount\":452,\"publisher\":{\"@id\":\"https:\/\/carlmalmstenstiftelsen.se\/en\/#organization\"},\"image\":{\"@id\":\"https:\/\/carlmalmstenstiftelsen.se\/en\/bla-porten\/#primaryimage\"},\"thumbnailUrl\":\"https:\/\/carlmalmstenstiftelsen.se\/wp-content\/uploads\/2021\/11\/IMG-4927-scaled.jpg\",\"inLanguage\":\"en-US\"},{\"@type\":\"WebPage\",\"@id\":\"https:\/\/carlmalmstenstiftelsen.se\/en\/bla-porten\/\",\"url\":\"https:\/\/carlmalmstenstiftelsen.se\/en\/bla-porten\/\",\"name\":\"Bl\u00e5 porten - Carl Malmsten\",\"isPartOf\":{\"@id\":\"https:\/\/carlmalmstenstiftelsen.se\/en\/#website\"},\"primaryImageOfPage\":{\"@id\":\"https:\/\/carlmalmstenstiftelsen.se\/en\/bla-porten\/#primaryimage\"},\"image\":{\"@id\":\"https:\/\/carlmalmstenstiftelsen.se\/en\/bla-porten\/#primaryimage\"},\"thumbnailUrl\":\"https:\/\/carlmalmstenstiftelsen.se\/wp-content\/uploads\/2021\/11\/IMG-4927-scaled.jpg\",\"datePublished\":\"2021-11-10T09:19:49+00:00\",\"dateModified\":\"2021-12-13T09:24:21+00:00\",\"breadcrumb\":{\"@id\":\"https:\/\/carlmalmstenstiftelsen.se\/en\/bla-porten\/#breadcrumb\"},\"inLanguage\":\"en-US\",\"potentialAction\":[{\"@type\":\"ReadAction\",\"target\":[\"https:\/\/carlmalmstenstiftelsen.se\/en\/bla-porten\/\"]}]},{\"@type\":\"ImageObject\",\"inLanguage\":\"en-US\",\"@id\":\"https:\/\/carlmalmstenstiftelsen.se\/en\/bla-porten\/#primaryimage\",\"url\":\"https:\/\/carlmalmstenstiftelsen.se\/wp-content\/uploads\/2021\/11\/IMG-4927-scaled.jpg\",\"contentUrl\":\"https:\/\/carlmalmstenstiftelsen.se\/wp-content\/uploads\/2021\/11\/IMG-4927-scaled.jpg\",\"width\":1920,\"height\":2560,\"caption\":\"Processed with VSCO with t1 preset\"},{\"@type\":\"BreadcrumbList\",\"@id\":\"https:\/\/carlmalmstenstiftelsen.se\/en\/bla-porten\/#breadcrumb\",\"itemListElement\":[{\"@type\":\"ListItem\",\"position\":1,\"name\":\"Hem\",\"item\":\"https:\/\/carlmalmstenstiftelsen.se\/en\/\"},{\"@type\":\"ListItem\",\"position\":2,\"name\":\"Bl\u00e5 porten\"}]},{\"@type\":\"WebSite\",\"@id\":\"https:\/\/carlmalmstenstiftelsen.se\/en\/#website\",\"url\":\"https:\/\/carlmalmstenstiftelsen.se\/en\/\",\"name\":\"Carl Malmsten\",\"description\":\"M\u00f6belm\u00e4staren\",\"publisher\":{\"@id\":\"https:\/\/carlmalmstenstiftelsen.se\/en\/#organization\"},\"potentialAction\":[{\"@type\":\"SearchAction\",\"target\":{\"@type\":\"EntryPoint\",\"urlTemplate\":\"https:\/\/carlmalmstenstiftelsen.se\/en\/?s={search_term_string}\"},\"query-input\":{\"@type\":\"PropertyValueSpecification\",\"valueRequired\":true,\"valueName\":\"search_term_string\"}}],\"inLanguage\":\"en-US\"},{\"@type\":\"Organization\",\"@id\":\"https:\/\/carlmalmstenstiftelsen.se\/en\/#organization\",\"name\":\"Carl Malmsten\",\"url\":\"https:\/\/carlmalmstenstiftelsen.se\/en\/\",\"logo\":{\"@type\":\"ImageObject\",\"inLanguage\":\"en-US\",\"@id\":\"https:\/\/carlmalmstenstiftelsen.se\/en\/#\/schema\/logo\/image\/\",\"url\":\"https:\/\/carlmalmstenstiftelsen.se\/wp-content\/uploads\/2023\/01\/STIFTELSEN-sigill-svart-3.png\",\"contentUrl\":\"https:\/\/carlmalmstenstiftelsen.se\/wp-content\/uploads\/2023\/01\/STIFTELSEN-sigill-svart-3.png\",\"width\":1442,\"height\":854,\"caption\":\"Carl Malmsten\"},\"image\":{\"@id\":\"https:\/\/carlmalmstenstiftelsen.se\/en\/#\/schema\/logo\/image\/\"}},{\"@type\":\"Person\",\"@id\":\"https:\/\/carlmalmstenstiftelsen.se\/en\/#\/schema\/person\/40435a9b7208eda7acc0f47450f6924a\",\"name\":\"Mats\",\"image\":{\"@type\":\"ImageObject\",\"inLanguage\":\"en-US\",\"@id\":\"https:\/\/carlmalmstenstiftelsen.se\/en\/#\/schema\/person\/image\/\",\"url\":\"https:\/\/secure.gravatar.com\/avatar\/0b131c81e29eca88bb2e25680ef9f01a5d9993c18a5a1ff3e0c4b6a50ac4edad?s=96&d=mm&r=g\",\"contentUrl\":\"https:\/\/secure.gravatar.com\/avatar\/0b131c81e29eca88bb2e25680ef9f01a5d9993c18a5a1ff3e0c4b6a50ac4edad?s=96&d=mm&r=g\",\"caption\":\"Mats\"},\"url\":\"https:\/\/carlmalmstenstiftelsen.se\/en\/author\/mats\/\"}]}<\/script>\n<!-- \/ Yoast SEO plugin. -->","yoast_head_json":{"title":"Bl\u00e5 porten - Carl Malmsten","robots":{"index":"index","follow":"follow","max-snippet":"max-snippet:-1","max-image-preview":"max-image-preview:large","max-video-preview":"max-video-preview:-1"},"canonical":"https:\/\/carlmalmstenstiftelsen.se\/en\/bla-porten\/","og_locale":"en_US","og_type":"article","og_title":"Bl\u00e5 porten - Carl Malmsten","og_description":"\u201cWe produce more Lilla \u00c5land chairs than ever before\u201d, says a satisfied Martin Johansson, CEO and owner of\u00a0 Stolab. The ultimate spindle-back chair was born during a woodcrafting course that Carl Malmsten held with his pupils on \u00c5land in 1939. In the old church in Finstr\u00f6m he found a hand-carved spindle-back chair where \u00a0\u201cthe curved [&hellip;]","og_url":"https:\/\/carlmalmstenstiftelsen.se\/en\/bla-porten\/","og_site_name":"Carl Malmsten","article_published_time":"2021-11-10T09:19:49+00:00","article_modified_time":"2021-12-13T09:24:21+00:00","og_image":[{"width":1920,"height":2560,"url":"https:\/\/carlmalmstenstiftelsen.se\/wp-content\/uploads\/2021\/11\/IMG-4927-scaled.jpg","type":"image\/jpeg"}],"author":"Mats","twitter_card":"summary_large_image","twitter_misc":{"Written by":"Mats","Est. reading time":"2 minutes"},"schema":{"@context":"https:\/\/schema.org","@graph":[{"@type":"Article","@id":"https:\/\/carlmalmstenstiftelsen.se\/en\/bla-porten\/#article","isPartOf":{"@id":"https:\/\/carlmalmstenstiftelsen.se\/en\/bla-porten\/"},"author":{"name":"Mats","@id":"https:\/\/carlmalmstenstiftelsen.se\/en\/#\/schema\/person\/40435a9b7208eda7acc0f47450f6924a"},"headline":"Bl\u00e5 porten","datePublished":"2021-11-10T09:19:49+00:00","dateModified":"2021-12-13T09:24:21+00:00","mainEntityOfPage":{"@id":"https:\/\/carlmalmstenstiftelsen.se\/en\/bla-porten\/"},"wordCount":452,"publisher":{"@id":"https:\/\/carlmalmstenstiftelsen.se\/en\/#organization"},"image":{"@id":"https:\/\/carlmalmstenstiftelsen.se\/en\/bla-porten\/#primaryimage"},"thumbnailUrl":"https:\/\/carlmalmstenstiftelsen.se\/wp-content\/uploads\/2021\/11\/IMG-4927-scaled.jpg","inLanguage":"en-US"},{"@type":"WebPage","@id":"https:\/\/carlmalmstenstiftelsen.se\/en\/bla-porten\/","url":"https:\/\/carlmalmstenstiftelsen.se\/en\/bla-porten\/","name":"Bl\u00e5 porten - Carl Malmsten","isPartOf":{"@id":"https:\/\/carlmalmstenstiftelsen.se\/en\/#website"},"primaryImageOfPage":{"@id":"https:\/\/carlmalmstenstiftelsen.se\/en\/bla-porten\/#primaryimage"},"image":{"@id":"https:\/\/carlmalmstenstiftelsen.se\/en\/bla-porten\/#primaryimage"},"thumbnailUrl":"https:\/\/carlmalmstenstiftelsen.se\/wp-content\/uploads\/2021\/11\/IMG-4927-scaled.jpg","datePublished":"2021-11-10T09:19:49+00:00","dateModified":"2021-12-13T09:24:21+00:00","breadcrumb":{"@id":"https:\/\/carlmalmstenstiftelsen.se\/en\/bla-porten\/#breadcrumb"},"inLanguage":"en-US","potentialAction":[{"@type":"ReadAction","target":["https:\/\/carlmalmstenstiftelsen.se\/en\/bla-porten\/"]}]},{"@type":"ImageObject","inLanguage":"en-US","@id":"https:\/\/carlmalmstenstiftelsen.se\/en\/bla-porten\/#primaryimage","url":"https:\/\/carlmalmstenstiftelsen.se\/wp-content\/uploads\/2021\/11\/IMG-4927-scaled.jpg","contentUrl":"https:\/\/carlmalmstenstiftelsen.se\/wp-content\/uploads\/2021\/11\/IMG-4927-scaled.jpg","width":1920,"height":2560,"caption":"Processed with VSCO with t1 preset"},{"@type":"BreadcrumbList","@id":"https:\/\/carlmalmstenstiftelsen.se\/en\/bla-porten\/#breadcrumb","itemListElement":[{"@type":"ListItem","position":1,"name":"Hem","item":"https:\/\/carlmalmstenstiftelsen.se\/en\/"},{"@type":"ListItem","position":2,"name":"Bl\u00e5 porten"}]},{"@type":"WebSite","@id":"https:\/\/carlmalmstenstiftelsen.se\/en\/#website","url":"https:\/\/carlmalmstenstiftelsen.se\/en\/","name":"Carl Malmsten","description":"M\u00f6belm\u00e4staren","publisher":{"@id":"https:\/\/carlmalmstenstiftelsen.se\/en\/#organization"},"potentialAction":[{"@type":"SearchAction","target":{"@type":"EntryPoint","urlTemplate":"https:\/\/carlmalmstenstiftelsen.se\/en\/?s={search_term_string}"},"query-input":{"@type":"PropertyValueSpecification","valueRequired":true,"valueName":"search_term_string"}}],"inLanguage":"en-US"},{"@type":"Organization","@id":"https:\/\/carlmalmstenstiftelsen.se\/en\/#organization","name":"Carl Malmsten","url":"https:\/\/carlmalmstenstiftelsen.se\/en\/","logo":{"@type":"ImageObject","inLanguage":"en-US","@id":"https:\/\/carlmalmstenstiftelsen.se\/en\/#\/schema\/logo\/image\/","url":"https:\/\/carlmalmstenstiftelsen.se\/wp-content\/uploads\/2023\/01\/STIFTELSEN-sigill-svart-3.png","contentUrl":"https:\/\/carlmalmstenstiftelsen.se\/wp-content\/uploads\/2023\/01\/STIFTELSEN-sigill-svart-3.png","width":1442,"height":854,"caption":"Carl Malmsten"},"image":{"@id":"https:\/\/carlmalmstenstiftelsen.se\/en\/#\/schema\/logo\/image\/"}},{"@type":"Person","@id":"https:\/\/carlmalmstenstiftelsen.se\/en\/#\/schema\/person\/40435a9b7208eda7acc0f47450f6924a","name":"Mats","image":{"@type":"ImageObject","inLanguage":"en-US","@id":"https:\/\/carlmalmstenstiftelsen.se\/en\/#\/schema\/person\/image\/","url":"https:\/\/secure.gravatar.com\/avatar\/0b131c81e29eca88bb2e25680ef9f01a5d9993c18a5a1ff3e0c4b6a50ac4edad?s=96&d=mm&r=g","contentUrl":"https:\/\/secure.gravatar.com\/avatar\/0b131c81e29eca88bb2e25680ef9f01a5d9993c18a5a1ff3e0c4b6a50ac4edad?s=96&d=mm&r=g","caption":"Mats"},"url":"https:\/\/carlmalmstenstiftelsen.se\/en\/author\/mats\/"}]}},"_links":{"self":[{"href":"https:\/\/carlmalmstenstiftelsen.se\/en\/wp-json\/wp\/v2\/posts\/4014","targetHints":{"allow":["GET"]}}],"collection":[{"href":"https:\/\/carlmalmstenstiftelsen.se\/en\/wp-json\/wp\/v2\/posts"}],"about":[{"href":"https:\/\/carlmalmstenstiftelsen.se\/en\/wp-json\/wp\/v2\/types\/post"}],"author":[{"embeddable":true,"href":"https:\/\/carlmalmstenstiftelsen.se\/en\/wp-json\/wp\/v2\/users\/6"}],"replies":[{"embeddable":true,"href":"https:\/\/carlmalmstenstiftelsen.se\/en\/wp-json\/wp\/v2\/comments?post=4014"}],"version-history":[{"count":1,"href":"https:\/\/carlmalmstenstiftelsen.se\/en\/wp-json\/wp\/v2\/posts\/4014\/revisions"}],"predecessor-version":[{"id":4016,"href":"https:\/\/carlmalmstenstiftelsen.se\/en\/wp-json\/wp\/v2\/posts\/4014\/revisions\/4016"}],"wp:featuredmedia":[{"embeddable":true,"href":"https:\/\/carlmalmstenstiftelsen.se\/en\/wp-json\/wp\/v2\/media\/3988"}],"wp:attachment":[{"href":"https:\/\/carlmalmstenstiftelsen.se\/en\/wp-json\/wp\/v2\/media?parent=4014"}],"wp:term":[{"taxonomy":"category","embeddable":true,"href":"https:\/\/carlmalmstenstiftelsen.se\/en\/wp-json\/wp\/v2\/categories?post=4014"},{"taxonomy":"post_tag","embeddable":true,"href":"https:\/\/carlmalmstenstiftelsen.se\/en\/wp-json\/wp\/v2\/tags?post=4014"}],"curies":[{"name":"wp","href":"https:\/\/api.w.org\/{rel}","templated":true}]}}