{"id":3782,"date":"2021-06-16T15:51:17","date_gmt":"2021-06-16T13:51:17","guid":{"rendered":"https:\/\/carlmalmsten.se\/?p=3782"},"modified":"2021-10-13T12:05:34","modified_gmt":"2021-10-13T10:05:34","slug":"en-pall-for-meditation","status":"publish","type":"post","link":"https:\/\/carlmalmstenstiftelsen.se\/en\/en-pall-for-meditation\/","title":{"rendered":"A stool for meditation"},"content":{"rendered":"<img loading=\"lazy\" decoding=\"async\" class=\"alignnone size-medium wp-image-354\" src=\"https:\/\/carlmalmstenstiftelsen.sewp-content\/uploads\/2018\/12\/meditation_sida-300x200.jpg\" alt=\"\" width=\"300\" height=\"200\" srcset=\"https:\/\/carlmalmstenstiftelsen.se\/wp-content\/uploads\/2018\/12\/meditation_sida-300x200.jpg 300w, https:\/\/carlmalmstenstiftelsen.se\/wp-content\/uploads\/2018\/12\/meditation_sida-768x512.jpg 768w, https:\/\/carlmalmstenstiftelsen.se\/wp-content\/uploads\/2018\/12\/meditation_sida-1024x683.jpg 1024w, https:\/\/carlmalmstenstiftelsen.se\/wp-content\/uploads\/2018\/12\/meditation_sida-1000x667.jpg 1000w, https:\/\/carlmalmstenstiftelsen.se\/wp-content\/uploads\/2018\/12\/meditation_sida-2000x1333.jpg 2000w\" sizes=\"auto, (max-width: 300px) 100vw, 300px\" \/>\n<p>The stools are unassuming, almost ascetic, and fitted in perfectly with Dag Hammarsk\u00f6ld\u2019s intentions for the room. He was deeply engaged in the design of the room, and his interest in art and interior design was well-known.<\/p>\n<p>The room was finished in 1961, just a few months before the aeroplane which he had boarded crashed in the jungle in what is now Zambia.<\/p>\n<p>After 60 years of wear and tear, the low meditation stools are due to be replaced this summer. Twelve new stools in oak are being made at Tre Sekel in Tibro, with seats of braided seagrass made by furniture restorer Maria Zachs, who has a company in the same locality. Braiding is a traditional craft, requiring both skills and strength. The envelope braid for the meditation stool takes half a day and uses around 150 metres of string. The old stools are also going to be renovated at Tre Sekel.<\/p>\n<img loading=\"lazy\" decoding=\"async\" class=\"alignnone size-medium wp-image-3772\" src=\"https:\/\/carlmalmstenstiftelsen.sewp-content\/uploads\/2021\/06\/Flatning_meditationspall-300x200.jpg\" alt=\"\" width=\"300\" height=\"200\" srcset=\"https:\/\/carlmalmstenstiftelsen.se\/wp-content\/uploads\/2021\/06\/Flatning_meditationspall-300x200.jpg 300w, https:\/\/carlmalmstenstiftelsen.se\/wp-content\/uploads\/2021\/06\/Flatning_meditationspall-768x512.jpg 768w, https:\/\/carlmalmstenstiftelsen.se\/wp-content\/uploads\/2021\/06\/Flatning_meditationspall.jpg 970w\" sizes=\"auto, (max-width: 300px) 100vw, 300px\" \/>\n<p>\u2013 The idea is that the new stools will be in place in time for the ceremony at the annual opening of the General Assembly in September, says Henrik Hammargren, executive director of the Dag Hammarskj\u00f6ld Foundation. This year, it is also 60 years since Dag Hammarskj\u00f6ld lost his life, and the ceremony always starts with the secretary-general spending \u00a0a moment in solitude in the meditation room.<\/p>\n<p>Since 2017, the secretary-general is Ant\u00f3nio Guterres.<\/p>\n<p>The stools are also available for purchase. In 2013, in connection with the 125th anniversary of Carl Malmsten\u2019s birth, 125 numbered copies were made.<\/p>\n<p>\u2013 And they are nearly sold out, says Elisabeth Ahlgren at Tre Sekel furniture producers. We are planning to make more numbered copies, oiled or soaped with a seat of braided seagrass. Exactly according to Carl Malmsten\u2019s blueprint.<\/p>\n<img loading=\"lazy\" decoding=\"async\" class=\"alignnone size-medium wp-image-352\" src=\"https:\/\/carlmalmstenstiftelsen.sewp-content\/uploads\/2018\/12\/meditation_detaljbild-200x300.jpg\" alt=\"\" width=\"200\" height=\"300\" srcset=\"https:\/\/carlmalmstenstiftelsen.se\/wp-content\/uploads\/2018\/12\/meditation_detaljbild-200x300.jpg 200w, https:\/\/carlmalmstenstiftelsen.se\/wp-content\/uploads\/2018\/12\/meditation_detaljbild-768x1152.jpg 768w, https:\/\/carlmalmstenstiftelsen.se\/wp-content\/uploads\/2018\/12\/meditation_detaljbild-683x1024.jpg 683w, https:\/\/carlmalmstenstiftelsen.se\/wp-content\/uploads\/2018\/12\/meditation_detaljbild-667x1000.jpg 667w, https:\/\/carlmalmstenstiftelsen.se\/wp-content\/uploads\/2018\/12\/meditation_detaljbild-1333x2000.jpg 1333w\" sizes=\"auto, (max-width: 200px) 100vw, 200px\" \/>\n<p>This summer\u2019s exhibition at Back\u00e5kra, the farm on \u00d6sterlen where Dag Hammarskj\u00f6ld intended to move after ending his time as secretary-general of the United Nations, is a testimony to his great interest in art, interior d\u00e9cor and design.<\/p>\n<p>In <em>The Slight Bending of the Line<\/em>, high-quality textiles, exquisite works of art, well-made furniture and high-quality crafts will be on display.<\/p>\n<p>\u2013 The UN building today, bears the stamp of Dag Hammarskj\u00f6ld\u2019s modern style, explains Kristina Erlandsson, curator at Back\u00e5kra. His apartment in New York was furnished with the aid of leading Scandinavian designers. He wanted it to be representative and functional, and at the same time a harmonious place for recovery and reflection.<\/p>\n<div id=\"attachment_3756\" style=\"width: 235px\" class=\"wp-caption alignnone\"><img loading=\"lazy\" decoding=\"async\" aria-describedby=\"caption-attachment-3756\" class=\"wp-image-3756 size-medium\" src=\"https:\/\/carlmalmstenstiftelsen.sewp-content\/uploads\/2021\/06\/IMG-0448-225x300.jpg\" alt=\"\" width=\"225\" height=\"300\" srcset=\"https:\/\/carlmalmstenstiftelsen.se\/wp-content\/uploads\/2021\/06\/IMG-0448-225x300.jpg 225w, https:\/\/carlmalmstenstiftelsen.se\/wp-content\/uploads\/2021\/06\/IMG-0448-768x1024.jpg 768w, https:\/\/carlmalmstenstiftelsen.se\/wp-content\/uploads\/2021\/06\/IMG-0448-1152x1536.jpg 1152w, https:\/\/carlmalmstenstiftelsen.se\/wp-content\/uploads\/2021\/06\/IMG-0448-1536x2048.jpg 1536w, https:\/\/carlmalmstenstiftelsen.se\/wp-content\/uploads\/2021\/06\/IMG-0448-750x1000.jpg 750w, https:\/\/carlmalmstenstiftelsen.se\/wp-content\/uploads\/2021\/06\/IMG-0448-1500x2000.jpg 1500w, https:\/\/carlmalmstenstiftelsen.se\/wp-content\/uploads\/2021\/06\/IMG-0448-scaled.jpg 1920w\" sizes=\"auto, (max-width: 225px) 100vw, 225px\" \/><p id=\"caption-attachment-3756\" class=\"wp-caption-text\">Foto: \u00c5ke E:son Lindman<\/p><\/div>\n<p>When the apartment was emptied after his death in 1961, much of the household furnishings were brought to Back\u00e5kra. Among others, several pieces of furniture by Carl Malmsten \u2013 including the three meditation stools Dag Hammarskj\u00f6ld had ordered for himself for his private duplex apartment on 73<sup>rd<\/sup> Street.<\/p>\n<p>Text: Dan Gordan<\/p>\n","protected":false},"excerpt":{"rendered":"<p>The stools are unassuming, almost ascetic, and fitted in perfectly with Dag Hammarsk\u00f6ld\u2019s intentions for the room. He was deeply engaged in the design of the room, and his interest in art and interior design was well-known. The room was finished in 1961, just a few months before the aeroplane which he had boarded crashed [&hellip;]<\/p>\n","protected":false},"author":6,"featured_media":3765,"comment_status":"closed","ping_status":"closed","sticky":false,"template":"","format":"standard","meta":{"_acf_changed":false,"inline_featured_image":false,"footnotes":""},"categories":[13],"tags":[],"class_list":["post-3782","post","type-post","status-publish","format-standard","has-post-thumbnail","hentry","category-uncategorized"],"acf":[],"yoast_head":"<!-- This site is optimized with the Yoast SEO plugin v26.4 - https:\/\/yoast.com\/wordpress\/plugins\/seo\/ -->\n<title>A stool for meditation - Carl Malmsten<\/title>\n<meta name=\"robots\" content=\"index, follow, max-snippet:-1, max-image-preview:large, max-video-preview:-1\" \/>\n<link rel=\"canonical\" href=\"https:\/\/carlmalmstenstiftelsen.se\/en\/en-pall-for-meditation\/\" \/>\n<meta property=\"og:locale\" content=\"en_US\" \/>\n<meta property=\"og:type\" content=\"article\" \/>\n<meta property=\"og:title\" content=\"A stool for meditation - Carl Malmsten\" \/>\n<meta property=\"og:description\" content=\"The stools are unassuming, almost ascetic, and fitted in perfectly with Dag Hammarsk\u00f6ld\u2019s intentions for the room. He was deeply engaged in the design of the room, and his interest in art and interior design was well-known. The room was finished in 1961, just a few months before the aeroplane which he had boarded crashed [&hellip;]\" \/>\n<meta property=\"og:url\" content=\"https:\/\/carlmalmstenstiftelsen.se\/en\/en-pall-for-meditation\/\" \/>\n<meta property=\"og:site_name\" content=\"Carl Malmsten\" \/>\n<meta property=\"article:published_time\" content=\"2021-06-16T13:51:17+00:00\" \/>\n<meta property=\"article:modified_time\" content=\"2021-10-13T10:05:34+00:00\" \/>\n<meta property=\"og:image\" content=\"https:\/\/carlmalmstenstiftelsen.se\/wp-content\/uploads\/2021\/06\/IMG-0448_svartvit-scaled.jpg\" \/>\n\t<meta property=\"og:image:width\" content=\"1920\" \/>\n\t<meta property=\"og:image:height\" content=\"2560\" \/>\n\t<meta property=\"og:image:type\" content=\"image\/jpeg\" \/>\n<meta name=\"author\" content=\"Mats\" \/>\n<meta name=\"twitter:card\" content=\"summary_large_image\" \/>\n<meta name=\"twitter:label1\" content=\"Written by\" \/>\n\t<meta name=\"twitter:data1\" content=\"Mats\" \/>\n\t<meta name=\"twitter:label2\" content=\"Est. reading time\" \/>\n\t<meta name=\"twitter:data2\" content=\"2 minutes\" \/>\n<script type=\"application\/ld+json\" class=\"yoast-schema-graph\">{\"@context\":\"https:\/\/schema.org\",\"@graph\":[{\"@type\":\"Article\",\"@id\":\"https:\/\/carlmalmstenstiftelsen.se\/en\/en-pall-for-meditation\/#article\",\"isPartOf\":{\"@id\":\"https:\/\/carlmalmstenstiftelsen.se\/en\/en-pall-for-meditation\/\"},\"author\":{\"name\":\"Mats\",\"@id\":\"https:\/\/carlmalmstenstiftelsen.se\/en\/#\/schema\/person\/40435a9b7208eda7acc0f47450f6924a\"},\"headline\":\"A stool for meditation\",\"datePublished\":\"2021-06-16T13:51:17+00:00\",\"dateModified\":\"2021-10-13T10:05:34+00:00\",\"mainEntityOfPage\":{\"@id\":\"https:\/\/carlmalmstenstiftelsen.se\/en\/en-pall-for-meditation\/\"},\"wordCount\":473,\"publisher\":{\"@id\":\"https:\/\/carlmalmstenstiftelsen.se\/en\/#organization\"},\"image\":{\"@id\":\"https:\/\/carlmalmstenstiftelsen.se\/en\/en-pall-for-meditation\/#primaryimage\"},\"thumbnailUrl\":\"https:\/\/carlmalmstenstiftelsen.se\/wp-content\/uploads\/2021\/06\/IMG-0448_svartvit-scaled.jpg\",\"inLanguage\":\"en-US\"},{\"@type\":\"WebPage\",\"@id\":\"https:\/\/carlmalmstenstiftelsen.se\/en\/en-pall-for-meditation\/\",\"url\":\"https:\/\/carlmalmstenstiftelsen.se\/en\/en-pall-for-meditation\/\",\"name\":\"A stool for meditation - Carl Malmsten\",\"isPartOf\":{\"@id\":\"https:\/\/carlmalmstenstiftelsen.se\/en\/#website\"},\"primaryImageOfPage\":{\"@id\":\"https:\/\/carlmalmstenstiftelsen.se\/en\/en-pall-for-meditation\/#primaryimage\"},\"image\":{\"@id\":\"https:\/\/carlmalmstenstiftelsen.se\/en\/en-pall-for-meditation\/#primaryimage\"},\"thumbnailUrl\":\"https:\/\/carlmalmstenstiftelsen.se\/wp-content\/uploads\/2021\/06\/IMG-0448_svartvit-scaled.jpg\",\"datePublished\":\"2021-06-16T13:51:17+00:00\",\"dateModified\":\"2021-10-13T10:05:34+00:00\",\"breadcrumb\":{\"@id\":\"https:\/\/carlmalmstenstiftelsen.se\/en\/en-pall-for-meditation\/#breadcrumb\"},\"inLanguage\":\"en-US\",\"potentialAction\":[{\"@type\":\"ReadAction\",\"target\":[\"https:\/\/carlmalmstenstiftelsen.se\/en\/en-pall-for-meditation\/\"]}]},{\"@type\":\"ImageObject\",\"inLanguage\":\"en-US\",\"@id\":\"https:\/\/carlmalmstenstiftelsen.se\/en\/en-pall-for-meditation\/#primaryimage\",\"url\":\"https:\/\/carlmalmstenstiftelsen.se\/wp-content\/uploads\/2021\/06\/IMG-0448_svartvit-scaled.jpg\",\"contentUrl\":\"https:\/\/carlmalmstenstiftelsen.se\/wp-content\/uploads\/2021\/06\/IMG-0448_svartvit-scaled.jpg\",\"width\":1920,\"height\":2560},{\"@type\":\"BreadcrumbList\",\"@id\":\"https:\/\/carlmalmstenstiftelsen.se\/en\/en-pall-for-meditation\/#breadcrumb\",\"itemListElement\":[{\"@type\":\"ListItem\",\"position\":1,\"name\":\"Hem\",\"item\":\"https:\/\/carlmalmstenstiftelsen.se\/en\/\"},{\"@type\":\"ListItem\",\"position\":2,\"name\":\"A stool for meditation\"}]},{\"@type\":\"WebSite\",\"@id\":\"https:\/\/carlmalmstenstiftelsen.se\/en\/#website\",\"url\":\"https:\/\/carlmalmstenstiftelsen.se\/en\/\",\"name\":\"Carl Malmsten\",\"description\":\"M\u00f6belm\u00e4staren\",\"publisher\":{\"@id\":\"https:\/\/carlmalmstenstiftelsen.se\/en\/#organization\"},\"potentialAction\":[{\"@type\":\"SearchAction\",\"target\":{\"@type\":\"EntryPoint\",\"urlTemplate\":\"https:\/\/carlmalmstenstiftelsen.se\/en\/?s={search_term_string}\"},\"query-input\":{\"@type\":\"PropertyValueSpecification\",\"valueRequired\":true,\"valueName\":\"search_term_string\"}}],\"inLanguage\":\"en-US\"},{\"@type\":\"Organization\",\"@id\":\"https:\/\/carlmalmstenstiftelsen.se\/en\/#organization\",\"name\":\"Carl Malmsten\",\"url\":\"https:\/\/carlmalmstenstiftelsen.se\/en\/\",\"logo\":{\"@type\":\"ImageObject\",\"inLanguage\":\"en-US\",\"@id\":\"https:\/\/carlmalmstenstiftelsen.se\/en\/#\/schema\/logo\/image\/\",\"url\":\"https:\/\/carlmalmstenstiftelsen.se\/wp-content\/uploads\/2023\/01\/STIFTELSEN-sigill-svart-3.png\",\"contentUrl\":\"https:\/\/carlmalmstenstiftelsen.se\/wp-content\/uploads\/2023\/01\/STIFTELSEN-sigill-svart-3.png\",\"width\":1442,\"height\":854,\"caption\":\"Carl Malmsten\"},\"image\":{\"@id\":\"https:\/\/carlmalmstenstiftelsen.se\/en\/#\/schema\/logo\/image\/\"}},{\"@type\":\"Person\",\"@id\":\"https:\/\/carlmalmstenstiftelsen.se\/en\/#\/schema\/person\/40435a9b7208eda7acc0f47450f6924a\",\"name\":\"Mats\",\"image\":{\"@type\":\"ImageObject\",\"inLanguage\":\"en-US\",\"@id\":\"https:\/\/carlmalmstenstiftelsen.se\/en\/#\/schema\/person\/image\/\",\"url\":\"https:\/\/secure.gravatar.com\/avatar\/0b131c81e29eca88bb2e25680ef9f01a5d9993c18a5a1ff3e0c4b6a50ac4edad?s=96&d=mm&r=g\",\"contentUrl\":\"https:\/\/secure.gravatar.com\/avatar\/0b131c81e29eca88bb2e25680ef9f01a5d9993c18a5a1ff3e0c4b6a50ac4edad?s=96&d=mm&r=g\",\"caption\":\"Mats\"},\"url\":\"https:\/\/carlmalmstenstiftelsen.se\/en\/author\/mats\/\"}]}<\/script>\n<!-- \/ Yoast SEO plugin. -->","yoast_head_json":{"title":"A stool for meditation - Carl Malmsten","robots":{"index":"index","follow":"follow","max-snippet":"max-snippet:-1","max-image-preview":"max-image-preview:large","max-video-preview":"max-video-preview:-1"},"canonical":"https:\/\/carlmalmstenstiftelsen.se\/en\/en-pall-for-meditation\/","og_locale":"en_US","og_type":"article","og_title":"A stool for meditation - Carl Malmsten","og_description":"The stools are unassuming, almost ascetic, and fitted in perfectly with Dag Hammarsk\u00f6ld\u2019s intentions for the room. He was deeply engaged in the design of the room, and his interest in art and interior design was well-known. The room was finished in 1961, just a few months before the aeroplane which he had boarded crashed [&hellip;]","og_url":"https:\/\/carlmalmstenstiftelsen.se\/en\/en-pall-for-meditation\/","og_site_name":"Carl Malmsten","article_published_time":"2021-06-16T13:51:17+00:00","article_modified_time":"2021-10-13T10:05:34+00:00","og_image":[{"width":1920,"height":2560,"url":"https:\/\/carlmalmstenstiftelsen.se\/wp-content\/uploads\/2021\/06\/IMG-0448_svartvit-scaled.jpg","type":"image\/jpeg"}],"author":"Mats","twitter_card":"summary_large_image","twitter_misc":{"Written by":"Mats","Est. reading time":"2 minutes"},"schema":{"@context":"https:\/\/schema.org","@graph":[{"@type":"Article","@id":"https:\/\/carlmalmstenstiftelsen.se\/en\/en-pall-for-meditation\/#article","isPartOf":{"@id":"https:\/\/carlmalmstenstiftelsen.se\/en\/en-pall-for-meditation\/"},"author":{"name":"Mats","@id":"https:\/\/carlmalmstenstiftelsen.se\/en\/#\/schema\/person\/40435a9b7208eda7acc0f47450f6924a"},"headline":"A stool for meditation","datePublished":"2021-06-16T13:51:17+00:00","dateModified":"2021-10-13T10:05:34+00:00","mainEntityOfPage":{"@id":"https:\/\/carlmalmstenstiftelsen.se\/en\/en-pall-for-meditation\/"},"wordCount":473,"publisher":{"@id":"https:\/\/carlmalmstenstiftelsen.se\/en\/#organization"},"image":{"@id":"https:\/\/carlmalmstenstiftelsen.se\/en\/en-pall-for-meditation\/#primaryimage"},"thumbnailUrl":"https:\/\/carlmalmstenstiftelsen.se\/wp-content\/uploads\/2021\/06\/IMG-0448_svartvit-scaled.jpg","inLanguage":"en-US"},{"@type":"WebPage","@id":"https:\/\/carlmalmstenstiftelsen.se\/en\/en-pall-for-meditation\/","url":"https:\/\/carlmalmstenstiftelsen.se\/en\/en-pall-for-meditation\/","name":"A stool for meditation - Carl Malmsten","isPartOf":{"@id":"https:\/\/carlmalmstenstiftelsen.se\/en\/#website"},"primaryImageOfPage":{"@id":"https:\/\/carlmalmstenstiftelsen.se\/en\/en-pall-for-meditation\/#primaryimage"},"image":{"@id":"https:\/\/carlmalmstenstiftelsen.se\/en\/en-pall-for-meditation\/#primaryimage"},"thumbnailUrl":"https:\/\/carlmalmstenstiftelsen.se\/wp-content\/uploads\/2021\/06\/IMG-0448_svartvit-scaled.jpg","datePublished":"2021-06-16T13:51:17+00:00","dateModified":"2021-10-13T10:05:34+00:00","breadcrumb":{"@id":"https:\/\/carlmalmstenstiftelsen.se\/en\/en-pall-for-meditation\/#breadcrumb"},"inLanguage":"en-US","potentialAction":[{"@type":"ReadAction","target":["https:\/\/carlmalmstenstiftelsen.se\/en\/en-pall-for-meditation\/"]}]},{"@type":"ImageObject","inLanguage":"en-US","@id":"https:\/\/carlmalmstenstiftelsen.se\/en\/en-pall-for-meditation\/#primaryimage","url":"https:\/\/carlmalmstenstiftelsen.se\/wp-content\/uploads\/2021\/06\/IMG-0448_svartvit-scaled.jpg","contentUrl":"https:\/\/carlmalmstenstiftelsen.se\/wp-content\/uploads\/2021\/06\/IMG-0448_svartvit-scaled.jpg","width":1920,"height":2560},{"@type":"BreadcrumbList","@id":"https:\/\/carlmalmstenstiftelsen.se\/en\/en-pall-for-meditation\/#breadcrumb","itemListElement":[{"@type":"ListItem","position":1,"name":"Hem","item":"https:\/\/carlmalmstenstiftelsen.se\/en\/"},{"@type":"ListItem","position":2,"name":"A stool for meditation"}]},{"@type":"WebSite","@id":"https:\/\/carlmalmstenstiftelsen.se\/en\/#website","url":"https:\/\/carlmalmstenstiftelsen.se\/en\/","name":"Carl Malmsten","description":"M\u00f6belm\u00e4staren","publisher":{"@id":"https:\/\/carlmalmstenstiftelsen.se\/en\/#organization"},"potentialAction":[{"@type":"SearchAction","target":{"@type":"EntryPoint","urlTemplate":"https:\/\/carlmalmstenstiftelsen.se\/en\/?s={search_term_string}"},"query-input":{"@type":"PropertyValueSpecification","valueRequired":true,"valueName":"search_term_string"}}],"inLanguage":"en-US"},{"@type":"Organization","@id":"https:\/\/carlmalmstenstiftelsen.se\/en\/#organization","name":"Carl Malmsten","url":"https:\/\/carlmalmstenstiftelsen.se\/en\/","logo":{"@type":"ImageObject","inLanguage":"en-US","@id":"https:\/\/carlmalmstenstiftelsen.se\/en\/#\/schema\/logo\/image\/","url":"https:\/\/carlmalmstenstiftelsen.se\/wp-content\/uploads\/2023\/01\/STIFTELSEN-sigill-svart-3.png","contentUrl":"https:\/\/carlmalmstenstiftelsen.se\/wp-content\/uploads\/2023\/01\/STIFTELSEN-sigill-svart-3.png","width":1442,"height":854,"caption":"Carl Malmsten"},"image":{"@id":"https:\/\/carlmalmstenstiftelsen.se\/en\/#\/schema\/logo\/image\/"}},{"@type":"Person","@id":"https:\/\/carlmalmstenstiftelsen.se\/en\/#\/schema\/person\/40435a9b7208eda7acc0f47450f6924a","name":"Mats","image":{"@type":"ImageObject","inLanguage":"en-US","@id":"https:\/\/carlmalmstenstiftelsen.se\/en\/#\/schema\/person\/image\/","url":"https:\/\/secure.gravatar.com\/avatar\/0b131c81e29eca88bb2e25680ef9f01a5d9993c18a5a1ff3e0c4b6a50ac4edad?s=96&d=mm&r=g","contentUrl":"https:\/\/secure.gravatar.com\/avatar\/0b131c81e29eca88bb2e25680ef9f01a5d9993c18a5a1ff3e0c4b6a50ac4edad?s=96&d=mm&r=g","caption":"Mats"},"url":"https:\/\/carlmalmstenstiftelsen.se\/en\/author\/mats\/"}]}},"_links":{"self":[{"href":"https:\/\/carlmalmstenstiftelsen.se\/en\/wp-json\/wp\/v2\/posts\/3782","targetHints":{"allow":["GET"]}}],"collection":[{"href":"https:\/\/carlmalmstenstiftelsen.se\/en\/wp-json\/wp\/v2\/posts"}],"about":[{"href":"https:\/\/carlmalmstenstiftelsen.se\/en\/wp-json\/wp\/v2\/types\/post"}],"author":[{"embeddable":true,"href":"https:\/\/carlmalmstenstiftelsen.se\/en\/wp-json\/wp\/v2\/users\/6"}],"replies":[{"embeddable":true,"href":"https:\/\/carlmalmstenstiftelsen.se\/en\/wp-json\/wp\/v2\/comments?post=3782"}],"version-history":[{"count":6,"href":"https:\/\/carlmalmstenstiftelsen.se\/en\/wp-json\/wp\/v2\/posts\/3782\/revisions"}],"predecessor-version":[{"id":3857,"href":"https:\/\/carlmalmstenstiftelsen.se\/en\/wp-json\/wp\/v2\/posts\/3782\/revisions\/3857"}],"wp:featuredmedia":[{"embeddable":true,"href":"https:\/\/carlmalmstenstiftelsen.se\/en\/wp-json\/wp\/v2\/media\/3765"}],"wp:attachment":[{"href":"https:\/\/carlmalmstenstiftelsen.se\/en\/wp-json\/wp\/v2\/media?parent=3782"}],"wp:term":[{"taxonomy":"category","embeddable":true,"href":"https:\/\/carlmalmstenstiftelsen.se\/en\/wp-json\/wp\/v2\/categories?post=3782"},{"taxonomy":"post_tag","embeddable":true,"href":"https:\/\/carlmalmstenstiftelsen.se\/en\/wp-json\/wp\/v2\/tags?post=3782"}],"curies":[{"name":"wp","href":"https:\/\/api.w.org\/{rel}","templated":true}]}}