{"id":3265,"date":"2020-01-21T09:19:41","date_gmt":"2020-01-21T08:19:41","guid":{"rendered":"https:\/\/carlmalmsten.se\/?p=3265"},"modified":"2020-01-21T09:21:57","modified_gmt":"2020-01-21T08:21:57","slug":"wergeland","status":"publish","type":"post","link":"https:\/\/carlmalmstenstiftelsen.se\/en\/wergeland\/","title":{"rendered":"Wergeland"},"content":{"rendered":"<p>That was the sofa, \u201dWergeland\u201d, that Ylva Hansen found for her exam project at Tr\u00e4akademien. In June 2019, she received her degree in furniture upholstery and today, after a long career at Swedish Television in Ume\u00e5, she has openend her own upholstery workshop in her home village S\u00e4var, near Ume\u00e5. \u201dBut it took a while before I could unravel the history\u201d, she explained over the telephone. \u201dThere was nothing in print, but I found information about a resistance fighter called Wergeland on the internet. Via the Malmsten Archive in Sickla, I could verify that this was the same person who had ordered the sofa.\u201d<\/p>\n<img loading=\"lazy\" decoding=\"async\" class=\"alignnone size-large wp-image-3257\" src=\"https:\/\/carlmalmstenstiftelsen.sewp-content\/uploads\/2020\/01\/soffa-wergeland-2019_1-kopia-1024x680.jpeg\" alt=\"\" width=\"1024\" height=\"680\" srcset=\"https:\/\/carlmalmstenstiftelsen.se\/wp-content\/uploads\/2020\/01\/soffa-wergeland-2019_1-kopia-1024x680.jpeg 1024w, https:\/\/carlmalmstenstiftelsen.se\/wp-content\/uploads\/2020\/01\/soffa-wergeland-2019_1-kopia-300x199.jpeg 300w, https:\/\/carlmalmstenstiftelsen.se\/wp-content\/uploads\/2020\/01\/soffa-wergeland-2019_1-kopia-768x510.jpeg 768w, https:\/\/carlmalmstenstiftelsen.se\/wp-content\/uploads\/2020\/01\/soffa-wergeland-2019_1-kopia-1000x664.jpeg 1000w, https:\/\/carlmalmstenstiftelsen.se\/wp-content\/uploads\/2020\/01\/soffa-wergeland-2019_1-kopia.jpeg 1280w\" sizes=\"auto, (max-width: 1024px) 100vw, 1024px\" \/>\n<p>In her documentation, Ylva Hansen tells the story: \u2028When the Germans occupied Norway in 1940, Hjalmar Wergeland was a young, newly qualified doctor. He was one of Norway\u2019s foremost gymnasts and had taken part in the 1936 Olympics in Berlin. He was also a good ski jumper and his choice of career and fitness were to become important factors in his efforts within the Norwegian resistance movement.<br \/>\nBoth Hjalmar and Helga Wergeland were active resistance fighters, and the book A Stand Against Tyranny, where Hjalmar Wergeland is among the interviewed, describes the risky work of helping needy countrymen with food and money. Sometimes, large sums of money had to be smuggled over long distances to reach distressed Norwegians.<\/p>\n<img loading=\"lazy\" decoding=\"async\" class=\"alignnone size-large wp-image-3259\" src=\"https:\/\/carlmalmstenstiftelsen.sewp-content\/uploads\/2020\/01\/soffa-wergeland-2019_2-kopia-680x1024.jpeg\" alt=\"\" width=\"680\" height=\"1024\" srcset=\"https:\/\/carlmalmstenstiftelsen.se\/wp-content\/uploads\/2020\/01\/soffa-wergeland-2019_2-kopia-680x1024.jpeg 680w, https:\/\/carlmalmstenstiftelsen.se\/wp-content\/uploads\/2020\/01\/soffa-wergeland-2019_2-kopia-199x300.jpeg 199w, https:\/\/carlmalmstenstiftelsen.se\/wp-content\/uploads\/2020\/01\/soffa-wergeland-2019_2-kopia-768x1157.jpeg 768w, https:\/\/carlmalmstenstiftelsen.se\/wp-content\/uploads\/2020\/01\/soffa-wergeland-2019_2-kopia-664x1000.jpeg 664w, https:\/\/carlmalmstenstiftelsen.se\/wp-content\/uploads\/2020\/01\/soffa-wergeland-2019_2-kopia.jpeg 850w\" sizes=\"auto, (max-width: 680px) 100vw, 680px\" \/> <img loading=\"lazy\" decoding=\"async\" class=\"alignnone size-large wp-image-3261\" src=\"https:\/\/carlmalmstenstiftelsen.sewp-content\/uploads\/2020\/01\/soffa-wergeland-2019_3-kopia-680x1024.jpeg\" alt=\"\" width=\"680\" height=\"1024\" srcset=\"https:\/\/carlmalmstenstiftelsen.se\/wp-content\/uploads\/2020\/01\/soffa-wergeland-2019_3-kopia-680x1024.jpeg 680w, https:\/\/carlmalmstenstiftelsen.se\/wp-content\/uploads\/2020\/01\/soffa-wergeland-2019_3-kopia-199x300.jpeg 199w, https:\/\/carlmalmstenstiftelsen.se\/wp-content\/uploads\/2020\/01\/soffa-wergeland-2019_3-kopia-768x1157.jpeg 768w, https:\/\/carlmalmstenstiftelsen.se\/wp-content\/uploads\/2020\/01\/soffa-wergeland-2019_3-kopia-664x1000.jpeg 664w, https:\/\/carlmalmstenstiftelsen.se\/wp-content\/uploads\/2020\/01\/soffa-wergeland-2019_3-kopia.jpeg 850w\" sizes=\"auto, (max-width: 680px) 100vw, 680px\" \/>\n<p>On such an occasion, Helga was travelling by train with a suitcase containing half a million Norwegian kronor. She struggled to get the heavy suitcase on board the train and finally asked a Nazi officer for help, who kindly gave her a hand. In the early stages of the occupation, the Nazis wanted to gain the trust of the Norwegians.<\/p>\n<img loading=\"lazy\" decoding=\"async\" class=\"alignnone size-large wp-image-3255\" src=\"https:\/\/carlmalmstenstiftelsen.sewp-content\/uploads\/2020\/01\/ritning-soffa-wergeland-kopia-1024x759.jpeg\" alt=\"\" width=\"1024\" height=\"759\" srcset=\"https:\/\/carlmalmstenstiftelsen.se\/wp-content\/uploads\/2020\/01\/ritning-soffa-wergeland-kopia-1024x759.jpeg 1024w, https:\/\/carlmalmstenstiftelsen.se\/wp-content\/uploads\/2020\/01\/ritning-soffa-wergeland-kopia-300x222.jpeg 300w, https:\/\/carlmalmstenstiftelsen.se\/wp-content\/uploads\/2020\/01\/ritning-soffa-wergeland-kopia-768x570.jpeg 768w, https:\/\/carlmalmstenstiftelsen.se\/wp-content\/uploads\/2020\/01\/ritning-soffa-wergeland-kopia-1000x742.jpeg 1000w, https:\/\/carlmalmstenstiftelsen.se\/wp-content\/uploads\/2020\/01\/ritning-soffa-wergeland-kopia.jpeg 1242w\" sizes=\"auto, (max-width: 1024px) 100vw, 1024px\" \/>\n<p>Hjalmar was responsible for the resistance dispatch office in Telemark, but the Nazis became suspicious, and when Gestapo tracked him down in November 1943, he hid in the wilderness for two weeks before he followed many of his countrymen and fled over the border to Sweden.<br \/>\nHelga followed on, and the couple were able to continue their resistance from Sweden. Hjalmar, together with two Norwegian colleagues, organised medical staff who had been forced to flee and administered health camps for Norwegian refugees and soldiers.<br \/>\nAt the same time, the Wergelands\u2019 were setting up their new home in Stockholm, and it was now that they contacted Carl Malmsten. Two years previously, Malmsten had designed the sofa \u201dUmea\u030a\u201d and with some minor alterations to the design Hjalmar and Helga order the sofa , which Malmsten then called \u201dWergeland\u201d.<\/p>\n<img loading=\"lazy\" decoding=\"async\" class=\"alignnone size-full wp-image-3251\" src=\"https:\/\/carlmalmstenstiftelsen.sewp-content\/uploads\/2020\/01\/brev-wergeland-kopia.jpg\" alt=\"\" width=\"768\" height=\"1024\" srcset=\"https:\/\/carlmalmstenstiftelsen.se\/wp-content\/uploads\/2020\/01\/brev-wergeland-kopia.jpg 768w, https:\/\/carlmalmstenstiftelsen.se\/wp-content\/uploads\/2020\/01\/brev-wergeland-kopia-225x300.jpg 225w, https:\/\/carlmalmstenstiftelsen.se\/wp-content\/uploads\/2020\/01\/brev-wergeland-kopia-750x1000.jpg 750w\" sizes=\"auto, (max-width: 768px) 100vw, 768px\" \/> <img loading=\"lazy\" decoding=\"async\" class=\"alignnone size-full wp-image-3249\" src=\"https:\/\/carlmalmstenstiftelsen.sewp-content\/uploads\/2020\/01\/brev-malmsten-kopia.jpg\" alt=\"\" width=\"768\" height=\"1024\" srcset=\"https:\/\/carlmalmstenstiftelsen.se\/wp-content\/uploads\/2020\/01\/brev-malmsten-kopia.jpg 768w, https:\/\/carlmalmstenstiftelsen.se\/wp-content\/uploads\/2020\/01\/brev-malmsten-kopia-225x300.jpg 225w, https:\/\/carlmalmstenstiftelsen.se\/wp-content\/uploads\/2020\/01\/brev-malmsten-kopia-750x1000.jpg 750w\" sizes=\"auto, (max-width: 768px) 100vw, 768px\" \/>\n<p>A few months after the sofa had been delivered, Hjalmar wrote to \u201dMr. Professor Malmsten\u201d: \u201dMy wife and I would in this way like to thank you for the beautiful sofa you have made for us. We find it utterly lovely, it pleases our eyes daily and is comfortable to sit in.\u201d In the letter, Hjalmar told how much their friends like the furniture: \u201dAll our friends are very envious, they have never seen a lovelier sofa and never sat in a more comfortable one &#8230; We will need expert help with the interior design of our home even in the future.\u201d But Hjalmar also described the difficulties in taking pleasure of beautiful things while the war was ongoing in their home country: \u201dAlthough we are enjoying a good standard of living, our thoughts go to those on the other side of the Kjo\u0308len mountains, and the conditions in Norway are such that our welfare is almost a burden.\u201d&#8230;\u201dDespite everything, our time in Sweden has been rich in experiences\u201d&#8230;\u201dAnd it is great to be able to take with us a reminder of this time, especially when it is an object which brings such a sense of beauty to the eye and of wellbeing to the body.\u201d<br \/>\nA few days later, Carl Malmsten replied: \u201dIt was so nice to learn that the sofa graces your home and that you have pleasure from it. May you soon be able to return and start the rebuilding of the new Norway. It must be difficult being here and waiting, not knowing when the roads across Kjo\u0308len will reopen&#8230; I am so grateful that you want me to help with the further design of your home&#8230;\u201d<\/p>\n<p>After the war, Hjalmar and Helga Wergeland returned to Norway where Hjalmar\u2019s first task was to care for emaciated Russian prisoners of war in the northern part of the country. Later he worked as a consultant at the paediatric department at Rikshospitalet in Oslo. Helga studied psychology and worked as a volounteer at the same department.<\/p>\n<div id=\"attachment_3263\" style=\"width: 235px\" class=\"wp-caption aligncenter\"><img loading=\"lazy\" decoding=\"async\" aria-describedby=\"caption-attachment-3263\" class=\"wp-image-3263 size-medium\" src=\"https:\/\/carlmalmstenstiftelsen.sewp-content\/uploads\/2020\/01\/ylva-hansen-foto-fredrik-hallstrom-kopia-225x300.jpeg\" alt=\"\" width=\"225\" height=\"300\" srcset=\"https:\/\/carlmalmstenstiftelsen.se\/wp-content\/uploads\/2020\/01\/ylva-hansen-foto-fredrik-hallstrom-kopia-225x300.jpeg 225w, https:\/\/carlmalmstenstiftelsen.se\/wp-content\/uploads\/2020\/01\/ylva-hansen-foto-fredrik-hallstrom-kopia-750x1000.jpeg 750w, https:\/\/carlmalmstenstiftelsen.se\/wp-content\/uploads\/2020\/01\/ylva-hansen-foto-fredrik-hallstrom-kopia.jpeg 759w\" sizes=\"auto, (max-width: 225px) 100vw, 225px\" \/><p id=\"caption-attachment-3263\" class=\"wp-caption-text\">Ylva Hansen. Photo: Fredrik Ha\u0308llstro\u0308m<\/p><\/div>\n<p>Ylva Hansen concludes her documentation: \u2028It\u2019s moving to read Hjalmar Wergeland\u2019s letter where he expresses his gratitude to Malmsten but also shares his feelings. The reply from Carl Malmsten seems so personal and filled with compassion. This is nice and I\u2019m glad that I have been able to be involved in this story and also to spread it further. A special thanks to Hanna Berndalen at the Carl Malmsten archive for all help; without her this story would never have been recorded!<\/p>\n","protected":false},"excerpt":{"rendered":"<p>That was the sofa, \u201dWergeland\u201d, that Ylva Hansen found for her exam project at Tr\u00e4akademien. In June 2019, she received her degree in furniture upholstery and today, after a long career at Swedish Television in Ume\u00e5, she has openend her own upholstery workshop in her home village S\u00e4var, near Ume\u00e5. \u201dBut it took a while [&hellip;]<\/p>\n","protected":false},"author":6,"featured_media":3253,"comment_status":"open","ping_status":"open","sticky":false,"template":"","format":"standard","meta":{"_acf_changed":false,"inline_featured_image":false,"footnotes":""},"categories":[13],"tags":[],"class_list":["post-3265","post","type-post","status-publish","format-standard","has-post-thumbnail","hentry","category-uncategorized"],"acf":[],"yoast_head":"<!-- This site is optimized with the Yoast SEO plugin v26.4 - https:\/\/yoast.com\/wordpress\/plugins\/seo\/ -->\n<title>Wergeland - Carl Malmsten<\/title>\n<meta name=\"robots\" content=\"index, follow, max-snippet:-1, max-image-preview:large, max-video-preview:-1\" \/>\n<link rel=\"canonical\" href=\"https:\/\/carlmalmstenstiftelsen.se\/en\/wergeland\/\" \/>\n<meta property=\"og:locale\" content=\"en_US\" \/>\n<meta property=\"og:type\" content=\"article\" \/>\n<meta property=\"og:title\" content=\"Wergeland - Carl Malmsten\" \/>\n<meta property=\"og:description\" content=\"That was the sofa, \u201dWergeland\u201d, that Ylva Hansen found for her exam project at Tr\u00e4akademien. In June 2019, she received her degree in furniture upholstery and today, after a long career at Swedish Television in Ume\u00e5, she has openend her own upholstery workshop in her home village S\u00e4var, near Ume\u00e5. \u201dBut it took a while [&hellip;]\" \/>\n<meta property=\"og:url\" content=\"https:\/\/carlmalmstenstiftelsen.se\/en\/wergeland\/\" \/>\n<meta property=\"og:site_name\" content=\"Carl Malmsten\" \/>\n<meta property=\"article:published_time\" content=\"2020-01-21T08:19:41+00:00\" \/>\n<meta property=\"article:modified_time\" content=\"2020-01-21T08:21:57+00:00\" \/>\n<meta property=\"og:image\" content=\"https:\/\/carlmalmstenstiftelsen.se\/wp-content\/uploads\/2020\/01\/hjalmarkiellandwergeland-kopia.jpg\" \/>\n\t<meta property=\"og:image:width\" content=\"798\" \/>\n\t<meta property=\"og:image:height\" content=\"600\" \/>\n\t<meta property=\"og:image:type\" content=\"image\/jpeg\" \/>\n<meta name=\"author\" content=\"Mats\" \/>\n<meta name=\"twitter:card\" content=\"summary_large_image\" \/>\n<meta name=\"twitter:label1\" content=\"Written by\" \/>\n\t<meta name=\"twitter:data1\" content=\"Mats\" \/>\n\t<meta name=\"twitter:label2\" content=\"Est. reading time\" \/>\n\t<meta name=\"twitter:data2\" content=\"4 minutes\" \/>\n<script type=\"application\/ld+json\" class=\"yoast-schema-graph\">{\"@context\":\"https:\/\/schema.org\",\"@graph\":[{\"@type\":\"Article\",\"@id\":\"https:\/\/carlmalmstenstiftelsen.se\/en\/wergeland\/#article\",\"isPartOf\":{\"@id\":\"https:\/\/carlmalmstenstiftelsen.se\/en\/wergeland\/\"},\"author\":{\"name\":\"Mats\",\"@id\":\"https:\/\/carlmalmstenstiftelsen.se\/en\/#\/schema\/person\/40435a9b7208eda7acc0f47450f6924a\"},\"headline\":\"Wergeland\",\"datePublished\":\"2020-01-21T08:19:41+00:00\",\"dateModified\":\"2020-01-21T08:21:57+00:00\",\"mainEntityOfPage\":{\"@id\":\"https:\/\/carlmalmstenstiftelsen.se\/en\/wergeland\/\"},\"wordCount\":857,\"commentCount\":0,\"publisher\":{\"@id\":\"https:\/\/carlmalmstenstiftelsen.se\/en\/#organization\"},\"image\":{\"@id\":\"https:\/\/carlmalmstenstiftelsen.se\/en\/wergeland\/#primaryimage\"},\"thumbnailUrl\":\"https:\/\/carlmalmstenstiftelsen.se\/wp-content\/uploads\/2020\/01\/hjalmarkiellandwergeland-kopia.jpg\",\"inLanguage\":\"en-US\"},{\"@type\":\"WebPage\",\"@id\":\"https:\/\/carlmalmstenstiftelsen.se\/en\/wergeland\/\",\"url\":\"https:\/\/carlmalmstenstiftelsen.se\/en\/wergeland\/\",\"name\":\"Wergeland - Carl Malmsten\",\"isPartOf\":{\"@id\":\"https:\/\/carlmalmstenstiftelsen.se\/en\/#website\"},\"primaryImageOfPage\":{\"@id\":\"https:\/\/carlmalmstenstiftelsen.se\/en\/wergeland\/#primaryimage\"},\"image\":{\"@id\":\"https:\/\/carlmalmstenstiftelsen.se\/en\/wergeland\/#primaryimage\"},\"thumbnailUrl\":\"https:\/\/carlmalmstenstiftelsen.se\/wp-content\/uploads\/2020\/01\/hjalmarkiellandwergeland-kopia.jpg\",\"datePublished\":\"2020-01-21T08:19:41+00:00\",\"dateModified\":\"2020-01-21T08:21:57+00:00\",\"breadcrumb\":{\"@id\":\"https:\/\/carlmalmstenstiftelsen.se\/en\/wergeland\/#breadcrumb\"},\"inLanguage\":\"en-US\",\"potentialAction\":[{\"@type\":\"ReadAction\",\"target\":[\"https:\/\/carlmalmstenstiftelsen.se\/en\/wergeland\/\"]}]},{\"@type\":\"ImageObject\",\"inLanguage\":\"en-US\",\"@id\":\"https:\/\/carlmalmstenstiftelsen.se\/en\/wergeland\/#primaryimage\",\"url\":\"https:\/\/carlmalmstenstiftelsen.se\/wp-content\/uploads\/2020\/01\/hjalmarkiellandwergeland-kopia.jpg\",\"contentUrl\":\"https:\/\/carlmalmstenstiftelsen.se\/wp-content\/uploads\/2020\/01\/hjalmarkiellandwergeland-kopia.jpg\",\"width\":798,\"height\":600},{\"@type\":\"BreadcrumbList\",\"@id\":\"https:\/\/carlmalmstenstiftelsen.se\/en\/wergeland\/#breadcrumb\",\"itemListElement\":[{\"@type\":\"ListItem\",\"position\":1,\"name\":\"Hem\",\"item\":\"https:\/\/carlmalmstenstiftelsen.se\/en\/\"},{\"@type\":\"ListItem\",\"position\":2,\"name\":\"Wergeland\"}]},{\"@type\":\"WebSite\",\"@id\":\"https:\/\/carlmalmstenstiftelsen.se\/en\/#website\",\"url\":\"https:\/\/carlmalmstenstiftelsen.se\/en\/\",\"name\":\"Carl Malmsten\",\"description\":\"M\u00f6belm\u00e4staren\",\"publisher\":{\"@id\":\"https:\/\/carlmalmstenstiftelsen.se\/en\/#organization\"},\"potentialAction\":[{\"@type\":\"SearchAction\",\"target\":{\"@type\":\"EntryPoint\",\"urlTemplate\":\"https:\/\/carlmalmstenstiftelsen.se\/en\/?s={search_term_string}\"},\"query-input\":{\"@type\":\"PropertyValueSpecification\",\"valueRequired\":true,\"valueName\":\"search_term_string\"}}],\"inLanguage\":\"en-US\"},{\"@type\":\"Organization\",\"@id\":\"https:\/\/carlmalmstenstiftelsen.se\/en\/#organization\",\"name\":\"Carl Malmsten\",\"url\":\"https:\/\/carlmalmstenstiftelsen.se\/en\/\",\"logo\":{\"@type\":\"ImageObject\",\"inLanguage\":\"en-US\",\"@id\":\"https:\/\/carlmalmstenstiftelsen.se\/en\/#\/schema\/logo\/image\/\",\"url\":\"https:\/\/carlmalmstenstiftelsen.se\/wp-content\/uploads\/2023\/01\/STIFTELSEN-sigill-svart-3.png\",\"contentUrl\":\"https:\/\/carlmalmstenstiftelsen.se\/wp-content\/uploads\/2023\/01\/STIFTELSEN-sigill-svart-3.png\",\"width\":1442,\"height\":854,\"caption\":\"Carl Malmsten\"},\"image\":{\"@id\":\"https:\/\/carlmalmstenstiftelsen.se\/en\/#\/schema\/logo\/image\/\"}},{\"@type\":\"Person\",\"@id\":\"https:\/\/carlmalmstenstiftelsen.se\/en\/#\/schema\/person\/40435a9b7208eda7acc0f47450f6924a\",\"name\":\"Mats\",\"image\":{\"@type\":\"ImageObject\",\"inLanguage\":\"en-US\",\"@id\":\"https:\/\/carlmalmstenstiftelsen.se\/en\/#\/schema\/person\/image\/\",\"url\":\"https:\/\/secure.gravatar.com\/avatar\/0b131c81e29eca88bb2e25680ef9f01a5d9993c18a5a1ff3e0c4b6a50ac4edad?s=96&d=mm&r=g\",\"contentUrl\":\"https:\/\/secure.gravatar.com\/avatar\/0b131c81e29eca88bb2e25680ef9f01a5d9993c18a5a1ff3e0c4b6a50ac4edad?s=96&d=mm&r=g\",\"caption\":\"Mats\"},\"url\":\"https:\/\/carlmalmstenstiftelsen.se\/en\/author\/mats\/\"}]}<\/script>\n<!-- \/ Yoast SEO plugin. -->","yoast_head_json":{"title":"Wergeland - Carl Malmsten","robots":{"index":"index","follow":"follow","max-snippet":"max-snippet:-1","max-image-preview":"max-image-preview:large","max-video-preview":"max-video-preview:-1"},"canonical":"https:\/\/carlmalmstenstiftelsen.se\/en\/wergeland\/","og_locale":"en_US","og_type":"article","og_title":"Wergeland - Carl Malmsten","og_description":"That was the sofa, \u201dWergeland\u201d, that Ylva Hansen found for her exam project at Tr\u00e4akademien. In June 2019, she received her degree in furniture upholstery and today, after a long career at Swedish Television in Ume\u00e5, she has openend her own upholstery workshop in her home village S\u00e4var, near Ume\u00e5. \u201dBut it took a while [&hellip;]","og_url":"https:\/\/carlmalmstenstiftelsen.se\/en\/wergeland\/","og_site_name":"Carl Malmsten","article_published_time":"2020-01-21T08:19:41+00:00","article_modified_time":"2020-01-21T08:21:57+00:00","og_image":[{"width":798,"height":600,"url":"https:\/\/carlmalmstenstiftelsen.se\/wp-content\/uploads\/2020\/01\/hjalmarkiellandwergeland-kopia.jpg","type":"image\/jpeg"}],"author":"Mats","twitter_card":"summary_large_image","twitter_misc":{"Written by":"Mats","Est. reading time":"4 minutes"},"schema":{"@context":"https:\/\/schema.org","@graph":[{"@type":"Article","@id":"https:\/\/carlmalmstenstiftelsen.se\/en\/wergeland\/#article","isPartOf":{"@id":"https:\/\/carlmalmstenstiftelsen.se\/en\/wergeland\/"},"author":{"name":"Mats","@id":"https:\/\/carlmalmstenstiftelsen.se\/en\/#\/schema\/person\/40435a9b7208eda7acc0f47450f6924a"},"headline":"Wergeland","datePublished":"2020-01-21T08:19:41+00:00","dateModified":"2020-01-21T08:21:57+00:00","mainEntityOfPage":{"@id":"https:\/\/carlmalmstenstiftelsen.se\/en\/wergeland\/"},"wordCount":857,"commentCount":0,"publisher":{"@id":"https:\/\/carlmalmstenstiftelsen.se\/en\/#organization"},"image":{"@id":"https:\/\/carlmalmstenstiftelsen.se\/en\/wergeland\/#primaryimage"},"thumbnailUrl":"https:\/\/carlmalmstenstiftelsen.se\/wp-content\/uploads\/2020\/01\/hjalmarkiellandwergeland-kopia.jpg","inLanguage":"en-US"},{"@type":"WebPage","@id":"https:\/\/carlmalmstenstiftelsen.se\/en\/wergeland\/","url":"https:\/\/carlmalmstenstiftelsen.se\/en\/wergeland\/","name":"Wergeland - Carl Malmsten","isPartOf":{"@id":"https:\/\/carlmalmstenstiftelsen.se\/en\/#website"},"primaryImageOfPage":{"@id":"https:\/\/carlmalmstenstiftelsen.se\/en\/wergeland\/#primaryimage"},"image":{"@id":"https:\/\/carlmalmstenstiftelsen.se\/en\/wergeland\/#primaryimage"},"thumbnailUrl":"https:\/\/carlmalmstenstiftelsen.se\/wp-content\/uploads\/2020\/01\/hjalmarkiellandwergeland-kopia.jpg","datePublished":"2020-01-21T08:19:41+00:00","dateModified":"2020-01-21T08:21:57+00:00","breadcrumb":{"@id":"https:\/\/carlmalmstenstiftelsen.se\/en\/wergeland\/#breadcrumb"},"inLanguage":"en-US","potentialAction":[{"@type":"ReadAction","target":["https:\/\/carlmalmstenstiftelsen.se\/en\/wergeland\/"]}]},{"@type":"ImageObject","inLanguage":"en-US","@id":"https:\/\/carlmalmstenstiftelsen.se\/en\/wergeland\/#primaryimage","url":"https:\/\/carlmalmstenstiftelsen.se\/wp-content\/uploads\/2020\/01\/hjalmarkiellandwergeland-kopia.jpg","contentUrl":"https:\/\/carlmalmstenstiftelsen.se\/wp-content\/uploads\/2020\/01\/hjalmarkiellandwergeland-kopia.jpg","width":798,"height":600},{"@type":"BreadcrumbList","@id":"https:\/\/carlmalmstenstiftelsen.se\/en\/wergeland\/#breadcrumb","itemListElement":[{"@type":"ListItem","position":1,"name":"Hem","item":"https:\/\/carlmalmstenstiftelsen.se\/en\/"},{"@type":"ListItem","position":2,"name":"Wergeland"}]},{"@type":"WebSite","@id":"https:\/\/carlmalmstenstiftelsen.se\/en\/#website","url":"https:\/\/carlmalmstenstiftelsen.se\/en\/","name":"Carl Malmsten","description":"M\u00f6belm\u00e4staren","publisher":{"@id":"https:\/\/carlmalmstenstiftelsen.se\/en\/#organization"},"potentialAction":[{"@type":"SearchAction","target":{"@type":"EntryPoint","urlTemplate":"https:\/\/carlmalmstenstiftelsen.se\/en\/?s={search_term_string}"},"query-input":{"@type":"PropertyValueSpecification","valueRequired":true,"valueName":"search_term_string"}}],"inLanguage":"en-US"},{"@type":"Organization","@id":"https:\/\/carlmalmstenstiftelsen.se\/en\/#organization","name":"Carl Malmsten","url":"https:\/\/carlmalmstenstiftelsen.se\/en\/","logo":{"@type":"ImageObject","inLanguage":"en-US","@id":"https:\/\/carlmalmstenstiftelsen.se\/en\/#\/schema\/logo\/image\/","url":"https:\/\/carlmalmstenstiftelsen.se\/wp-content\/uploads\/2023\/01\/STIFTELSEN-sigill-svart-3.png","contentUrl":"https:\/\/carlmalmstenstiftelsen.se\/wp-content\/uploads\/2023\/01\/STIFTELSEN-sigill-svart-3.png","width":1442,"height":854,"caption":"Carl Malmsten"},"image":{"@id":"https:\/\/carlmalmstenstiftelsen.se\/en\/#\/schema\/logo\/image\/"}},{"@type":"Person","@id":"https:\/\/carlmalmstenstiftelsen.se\/en\/#\/schema\/person\/40435a9b7208eda7acc0f47450f6924a","name":"Mats","image":{"@type":"ImageObject","inLanguage":"en-US","@id":"https:\/\/carlmalmstenstiftelsen.se\/en\/#\/schema\/person\/image\/","url":"https:\/\/secure.gravatar.com\/avatar\/0b131c81e29eca88bb2e25680ef9f01a5d9993c18a5a1ff3e0c4b6a50ac4edad?s=96&d=mm&r=g","contentUrl":"https:\/\/secure.gravatar.com\/avatar\/0b131c81e29eca88bb2e25680ef9f01a5d9993c18a5a1ff3e0c4b6a50ac4edad?s=96&d=mm&r=g","caption":"Mats"},"url":"https:\/\/carlmalmstenstiftelsen.se\/en\/author\/mats\/"}]}},"_links":{"self":[{"href":"https:\/\/carlmalmstenstiftelsen.se\/en\/wp-json\/wp\/v2\/posts\/3265","targetHints":{"allow":["GET"]}}],"collection":[{"href":"https:\/\/carlmalmstenstiftelsen.se\/en\/wp-json\/wp\/v2\/posts"}],"about":[{"href":"https:\/\/carlmalmstenstiftelsen.se\/en\/wp-json\/wp\/v2\/types\/post"}],"author":[{"embeddable":true,"href":"https:\/\/carlmalmstenstiftelsen.se\/en\/wp-json\/wp\/v2\/users\/6"}],"replies":[{"embeddable":true,"href":"https:\/\/carlmalmstenstiftelsen.se\/en\/wp-json\/wp\/v2\/comments?post=3265"}],"version-history":[{"count":5,"href":"https:\/\/carlmalmstenstiftelsen.se\/en\/wp-json\/wp\/v2\/posts\/3265\/revisions"}],"predecessor-version":[{"id":3302,"href":"https:\/\/carlmalmstenstiftelsen.se\/en\/wp-json\/wp\/v2\/posts\/3265\/revisions\/3302"}],"wp:featuredmedia":[{"embeddable":true,"href":"https:\/\/carlmalmstenstiftelsen.se\/en\/wp-json\/wp\/v2\/media\/3253"}],"wp:attachment":[{"href":"https:\/\/carlmalmstenstiftelsen.se\/en\/wp-json\/wp\/v2\/media?parent=3265"}],"wp:term":[{"taxonomy":"category","embeddable":true,"href":"https:\/\/carlmalmstenstiftelsen.se\/en\/wp-json\/wp\/v2\/categories?post=3265"},{"taxonomy":"post_tag","embeddable":true,"href":"https:\/\/carlmalmstenstiftelsen.se\/en\/wp-json\/wp\/v2\/tags?post=3265"}],"curies":[{"name":"wp","href":"https:\/\/api.w.org\/{rel}","templated":true}]}}