{"id":3239,"date":"2020-01-21T09:17:51","date_gmt":"2020-01-21T08:17:51","guid":{"rendered":"https:\/\/carlmalmsten.se\/?p=3239"},"modified":"2020-01-22T08:41:12","modified_gmt":"2020-01-22T07:41:12","slug":"the-carl-malmsten-room","status":"publish","type":"post","link":"https:\/\/carlmalmstenstiftelsen.se\/en\/the-carl-malmsten-room\/","title":{"rendered":"The Carl Malmsten Room"},"content":{"rendered":"<p>After the exhibition period ended in mid-October, the project could best be described as a roaring success. French media also showed a lot of interest. The French Elle magazine, for example, published a five page photo feature on the guest apartments, and the TV programme T\u00e9l\u00e9matin nominated the Institut su\u00e9dois as one of the top-three places to visit during Paris Design Week.<\/p>\n<div id=\"attachment_3244\" style=\"width: 925px\" class=\"wp-caption alignnone\"><img loading=\"lazy\" decoding=\"async\" aria-describedby=\"caption-attachment-3244\" class=\"size-full wp-image-3244\" src=\"https:\/\/carlmalmstenstiftelsen.sewp-content\/uploads\/2020\/01\/6d9bad19-c9c6-4af8-89fd-2008fa84f923.jpg\" alt=\"\" width=\"915\" height=\"610\" srcset=\"https:\/\/carlmalmstenstiftelsen.se\/wp-content\/uploads\/2020\/01\/6d9bad19-c9c6-4af8-89fd-2008fa84f923.jpg 915w, https:\/\/carlmalmstenstiftelsen.se\/wp-content\/uploads\/2020\/01\/6d9bad19-c9c6-4af8-89fd-2008fa84f923-300x200.jpg 300w, https:\/\/carlmalmstenstiftelsen.se\/wp-content\/uploads\/2020\/01\/6d9bad19-c9c6-4af8-89fd-2008fa84f923-768x512.jpg 768w\" sizes=\"auto, (max-width: 915px) 100vw, 915px\" \/><p id=\"caption-attachment-3244\" class=\"wp-caption-text\">Photo: Luca Lomazzi<\/p><\/div>\n<p>The warm and welcoming interior in the Carl Malmsten Room was designed by Anna Kraitz. The colour scheme is mild with the wallpaper Campagna, designed in the 1930s and now in production again, as a calm background to the comfortable armchairs Hemmakv\u00e4ll, the Sl\u00e4den nest of tables and the practical trestle table and the elegant armchair Widemar. The classic floor lamp Staken and a \u201dBirgitta\u201d lampshade in the ceiling illuminate the room. At the opening, Madeleine Sj\u00f6stedt, director-general for the Institut su\u00e9dois, pointed out that Swedish design has an impressive international reputation.\u2028\u201dThe Swedish Institute in Paris has yet again demonstrated that we are a unique shop window for Sweden, in one of the world\u2019s most cultural cities\u201d, she said.<\/p>\n<div id=\"attachment_3246\" style=\"width: 1034px\" class=\"wp-caption alignnone\"><img loading=\"lazy\" decoding=\"async\" aria-describedby=\"caption-attachment-3246\" class=\"size-large wp-image-3246\" src=\"https:\/\/carlmalmstenstiftelsen.sewp-content\/uploads\/2020\/01\/a9a11ba1-15ad-414f-a82d-9965ceb34516-1024x683.jpg\" alt=\"\" width=\"1024\" height=\"683\" srcset=\"https:\/\/carlmalmstenstiftelsen.se\/wp-content\/uploads\/2020\/01\/a9a11ba1-15ad-414f-a82d-9965ceb34516-1024x683.jpg 1024w, https:\/\/carlmalmstenstiftelsen.se\/wp-content\/uploads\/2020\/01\/a9a11ba1-15ad-414f-a82d-9965ceb34516-300x200.jpg 300w, https:\/\/carlmalmstenstiftelsen.se\/wp-content\/uploads\/2020\/01\/a9a11ba1-15ad-414f-a82d-9965ceb34516-768x512.jpg 768w, https:\/\/carlmalmstenstiftelsen.se\/wp-content\/uploads\/2020\/01\/a9a11ba1-15ad-414f-a82d-9965ceb34516-1536x1024.jpg 1536w, https:\/\/carlmalmstenstiftelsen.se\/wp-content\/uploads\/2020\/01\/a9a11ba1-15ad-414f-a82d-9965ceb34516-1000x667.jpg 1000w, https:\/\/carlmalmstenstiftelsen.se\/wp-content\/uploads\/2020\/01\/a9a11ba1-15ad-414f-a82d-9965ceb34516-2000x1333.jpg 2000w\" sizes=\"auto, (max-width: 1024px) 100vw, 1024px\" \/><p id=\"caption-attachment-3246\" class=\"wp-caption-text\">Photo: Luca Lomazzi<\/p><\/div>\n<p>The guest apartments will continue to be available to the public every September, and during the time of the exhibition \u2013 at least five years \u2013 you can visit any of the vacant apartments. Every year, around a hundred Swedish researchers, cultural workers and artists use the apartments.<\/p>\n","protected":false},"excerpt":{"rendered":"<p>After the exhibition period ended in mid-October, the project could best be described as a roaring success. French media also showed a lot of interest. The French Elle magazine, for example, published a five page photo feature on the guest apartments, and the TV programme T\u00e9l\u00e9matin nominated the Institut su\u00e9dois as one of the top-three [&hellip;]<\/p>\n","protected":false},"author":6,"featured_media":3242,"comment_status":"closed","ping_status":"closed","sticky":false,"template":"","format":"standard","meta":{"_acf_changed":false,"inline_featured_image":false,"footnotes":""},"categories":[13],"tags":[],"class_list":["post-3239","post","type-post","status-publish","format-standard","has-post-thumbnail","hentry","category-uncategorized"],"acf":[],"yoast_head":"<!-- This site is optimized with the Yoast SEO plugin v26.4 - https:\/\/yoast.com\/wordpress\/plugins\/seo\/ -->\n<title>The Carl Malmsten Room - Carl Malmsten<\/title>\n<meta name=\"robots\" content=\"index, follow, max-snippet:-1, max-image-preview:large, max-video-preview:-1\" \/>\n<link rel=\"canonical\" href=\"https:\/\/carlmalmstenstiftelsen.se\/en\/the-carl-malmsten-room\/\" \/>\n<meta property=\"og:locale\" content=\"en_US\" \/>\n<meta property=\"og:type\" content=\"article\" \/>\n<meta property=\"og:title\" content=\"The Carl Malmsten Room - Carl Malmsten\" \/>\n<meta property=\"og:description\" content=\"After the exhibition period ended in mid-October, the project could best be described as a roaring success. French media also showed a lot of interest. The French Elle magazine, for example, published a five page photo feature on the guest apartments, and the TV programme T\u00e9l\u00e9matin nominated the Institut su\u00e9dois as one of the top-three [&hellip;]\" \/>\n<meta property=\"og:url\" content=\"https:\/\/carlmalmstenstiftelsen.se\/en\/the-carl-malmsten-room\/\" \/>\n<meta property=\"og:site_name\" content=\"Carl Malmsten\" \/>\n<meta property=\"article:published_time\" content=\"2020-01-21T08:17:51+00:00\" \/>\n<meta property=\"article:modified_time\" content=\"2020-01-22T07:41:12+00:00\" \/>\n<meta property=\"og:image\" content=\"https:\/\/carlmalmstenstiftelsen.se\/wp-content\/uploads\/2020\/01\/63ccd806-a676-405e-9bf9-e0820054f24c.jpg\" \/>\n\t<meta property=\"og:image:width\" content=\"945\" \/>\n\t<meta property=\"og:image:height\" content=\"630\" \/>\n\t<meta property=\"og:image:type\" content=\"image\/jpeg\" \/>\n<meta name=\"author\" content=\"Mats\" \/>\n<meta name=\"twitter:card\" content=\"summary_large_image\" \/>\n<meta name=\"twitter:label1\" content=\"Written by\" \/>\n\t<meta name=\"twitter:data1\" content=\"Mats\" \/>\n\t<meta name=\"twitter:label2\" content=\"Est. reading time\" \/>\n\t<meta name=\"twitter:data2\" content=\"1 minute\" \/>\n<script type=\"application\/ld+json\" class=\"yoast-schema-graph\">{\"@context\":\"https:\/\/schema.org\",\"@graph\":[{\"@type\":\"Article\",\"@id\":\"https:\/\/carlmalmstenstiftelsen.se\/en\/the-carl-malmsten-room\/#article\",\"isPartOf\":{\"@id\":\"https:\/\/carlmalmstenstiftelsen.se\/en\/the-carl-malmsten-room\/\"},\"author\":{\"name\":\"Mats\",\"@id\":\"https:\/\/carlmalmstenstiftelsen.se\/en\/#\/schema\/person\/40435a9b7208eda7acc0f47450f6924a\"},\"headline\":\"The Carl Malmsten Room\",\"datePublished\":\"2020-01-21T08:17:51+00:00\",\"dateModified\":\"2020-01-22T07:41:12+00:00\",\"mainEntityOfPage\":{\"@id\":\"https:\/\/carlmalmstenstiftelsen.se\/en\/the-carl-malmsten-room\/\"},\"wordCount\":260,\"publisher\":{\"@id\":\"https:\/\/carlmalmstenstiftelsen.se\/en\/#organization\"},\"image\":{\"@id\":\"https:\/\/carlmalmstenstiftelsen.se\/en\/the-carl-malmsten-room\/#primaryimage\"},\"thumbnailUrl\":\"https:\/\/carlmalmstenstiftelsen.se\/wp-content\/uploads\/2020\/01\/63ccd806-a676-405e-9bf9-e0820054f24c.jpg\",\"inLanguage\":\"en-US\"},{\"@type\":\"WebPage\",\"@id\":\"https:\/\/carlmalmstenstiftelsen.se\/en\/the-carl-malmsten-room\/\",\"url\":\"https:\/\/carlmalmstenstiftelsen.se\/en\/the-carl-malmsten-room\/\",\"name\":\"The Carl Malmsten Room - Carl Malmsten\",\"isPartOf\":{\"@id\":\"https:\/\/carlmalmstenstiftelsen.se\/en\/#website\"},\"primaryImageOfPage\":{\"@id\":\"https:\/\/carlmalmstenstiftelsen.se\/en\/the-carl-malmsten-room\/#primaryimage\"},\"image\":{\"@id\":\"https:\/\/carlmalmstenstiftelsen.se\/en\/the-carl-malmsten-room\/#primaryimage\"},\"thumbnailUrl\":\"https:\/\/carlmalmstenstiftelsen.se\/wp-content\/uploads\/2020\/01\/63ccd806-a676-405e-9bf9-e0820054f24c.jpg\",\"datePublished\":\"2020-01-21T08:17:51+00:00\",\"dateModified\":\"2020-01-22T07:41:12+00:00\",\"breadcrumb\":{\"@id\":\"https:\/\/carlmalmstenstiftelsen.se\/en\/the-carl-malmsten-room\/#breadcrumb\"},\"inLanguage\":\"en-US\",\"potentialAction\":[{\"@type\":\"ReadAction\",\"target\":[\"https:\/\/carlmalmstenstiftelsen.se\/en\/the-carl-malmsten-room\/\"]}]},{\"@type\":\"ImageObject\",\"inLanguage\":\"en-US\",\"@id\":\"https:\/\/carlmalmstenstiftelsen.se\/en\/the-carl-malmsten-room\/#primaryimage\",\"url\":\"https:\/\/carlmalmstenstiftelsen.se\/wp-content\/uploads\/2020\/01\/63ccd806-a676-405e-9bf9-e0820054f24c.jpg\",\"contentUrl\":\"https:\/\/carlmalmstenstiftelsen.se\/wp-content\/uploads\/2020\/01\/63ccd806-a676-405e-9bf9-e0820054f24c.jpg\",\"width\":945,\"height\":630},{\"@type\":\"BreadcrumbList\",\"@id\":\"https:\/\/carlmalmstenstiftelsen.se\/en\/the-carl-malmsten-room\/#breadcrumb\",\"itemListElement\":[{\"@type\":\"ListItem\",\"position\":1,\"name\":\"Hem\",\"item\":\"https:\/\/carlmalmstenstiftelsen.se\/en\/\"},{\"@type\":\"ListItem\",\"position\":2,\"name\":\"The Carl Malmsten Room\"}]},{\"@type\":\"WebSite\",\"@id\":\"https:\/\/carlmalmstenstiftelsen.se\/en\/#website\",\"url\":\"https:\/\/carlmalmstenstiftelsen.se\/en\/\",\"name\":\"Carl Malmsten\",\"description\":\"M\u00f6belm\u00e4staren\",\"publisher\":{\"@id\":\"https:\/\/carlmalmstenstiftelsen.se\/en\/#organization\"},\"potentialAction\":[{\"@type\":\"SearchAction\",\"target\":{\"@type\":\"EntryPoint\",\"urlTemplate\":\"https:\/\/carlmalmstenstiftelsen.se\/en\/?s={search_term_string}\"},\"query-input\":{\"@type\":\"PropertyValueSpecification\",\"valueRequired\":true,\"valueName\":\"search_term_string\"}}],\"inLanguage\":\"en-US\"},{\"@type\":\"Organization\",\"@id\":\"https:\/\/carlmalmstenstiftelsen.se\/en\/#organization\",\"name\":\"Carl Malmsten\",\"url\":\"https:\/\/carlmalmstenstiftelsen.se\/en\/\",\"logo\":{\"@type\":\"ImageObject\",\"inLanguage\":\"en-US\",\"@id\":\"https:\/\/carlmalmstenstiftelsen.se\/en\/#\/schema\/logo\/image\/\",\"url\":\"https:\/\/carlmalmstenstiftelsen.se\/wp-content\/uploads\/2023\/01\/STIFTELSEN-sigill-svart-3.png\",\"contentUrl\":\"https:\/\/carlmalmstenstiftelsen.se\/wp-content\/uploads\/2023\/01\/STIFTELSEN-sigill-svart-3.png\",\"width\":1442,\"height\":854,\"caption\":\"Carl Malmsten\"},\"image\":{\"@id\":\"https:\/\/carlmalmstenstiftelsen.se\/en\/#\/schema\/logo\/image\/\"}},{\"@type\":\"Person\",\"@id\":\"https:\/\/carlmalmstenstiftelsen.se\/en\/#\/schema\/person\/40435a9b7208eda7acc0f47450f6924a\",\"name\":\"Mats\",\"image\":{\"@type\":\"ImageObject\",\"inLanguage\":\"en-US\",\"@id\":\"https:\/\/carlmalmstenstiftelsen.se\/en\/#\/schema\/person\/image\/\",\"url\":\"https:\/\/secure.gravatar.com\/avatar\/0b131c81e29eca88bb2e25680ef9f01a5d9993c18a5a1ff3e0c4b6a50ac4edad?s=96&d=mm&r=g\",\"contentUrl\":\"https:\/\/secure.gravatar.com\/avatar\/0b131c81e29eca88bb2e25680ef9f01a5d9993c18a5a1ff3e0c4b6a50ac4edad?s=96&d=mm&r=g\",\"caption\":\"Mats\"},\"url\":\"https:\/\/carlmalmstenstiftelsen.se\/en\/author\/mats\/\"}]}<\/script>\n<!-- \/ Yoast SEO plugin. -->","yoast_head_json":{"title":"The Carl Malmsten Room - Carl Malmsten","robots":{"index":"index","follow":"follow","max-snippet":"max-snippet:-1","max-image-preview":"max-image-preview:large","max-video-preview":"max-video-preview:-1"},"canonical":"https:\/\/carlmalmstenstiftelsen.se\/en\/the-carl-malmsten-room\/","og_locale":"en_US","og_type":"article","og_title":"The Carl Malmsten Room - Carl Malmsten","og_description":"After the exhibition period ended in mid-October, the project could best be described as a roaring success. French media also showed a lot of interest. The French Elle magazine, for example, published a five page photo feature on the guest apartments, and the TV programme T\u00e9l\u00e9matin nominated the Institut su\u00e9dois as one of the top-three [&hellip;]","og_url":"https:\/\/carlmalmstenstiftelsen.se\/en\/the-carl-malmsten-room\/","og_site_name":"Carl Malmsten","article_published_time":"2020-01-21T08:17:51+00:00","article_modified_time":"2020-01-22T07:41:12+00:00","og_image":[{"width":945,"height":630,"url":"https:\/\/carlmalmstenstiftelsen.se\/wp-content\/uploads\/2020\/01\/63ccd806-a676-405e-9bf9-e0820054f24c.jpg","type":"image\/jpeg"}],"author":"Mats","twitter_card":"summary_large_image","twitter_misc":{"Written by":"Mats","Est. reading time":"1 minute"},"schema":{"@context":"https:\/\/schema.org","@graph":[{"@type":"Article","@id":"https:\/\/carlmalmstenstiftelsen.se\/en\/the-carl-malmsten-room\/#article","isPartOf":{"@id":"https:\/\/carlmalmstenstiftelsen.se\/en\/the-carl-malmsten-room\/"},"author":{"name":"Mats","@id":"https:\/\/carlmalmstenstiftelsen.se\/en\/#\/schema\/person\/40435a9b7208eda7acc0f47450f6924a"},"headline":"The Carl Malmsten Room","datePublished":"2020-01-21T08:17:51+00:00","dateModified":"2020-01-22T07:41:12+00:00","mainEntityOfPage":{"@id":"https:\/\/carlmalmstenstiftelsen.se\/en\/the-carl-malmsten-room\/"},"wordCount":260,"publisher":{"@id":"https:\/\/carlmalmstenstiftelsen.se\/en\/#organization"},"image":{"@id":"https:\/\/carlmalmstenstiftelsen.se\/en\/the-carl-malmsten-room\/#primaryimage"},"thumbnailUrl":"https:\/\/carlmalmstenstiftelsen.se\/wp-content\/uploads\/2020\/01\/63ccd806-a676-405e-9bf9-e0820054f24c.jpg","inLanguage":"en-US"},{"@type":"WebPage","@id":"https:\/\/carlmalmstenstiftelsen.se\/en\/the-carl-malmsten-room\/","url":"https:\/\/carlmalmstenstiftelsen.se\/en\/the-carl-malmsten-room\/","name":"The Carl Malmsten Room - Carl Malmsten","isPartOf":{"@id":"https:\/\/carlmalmstenstiftelsen.se\/en\/#website"},"primaryImageOfPage":{"@id":"https:\/\/carlmalmstenstiftelsen.se\/en\/the-carl-malmsten-room\/#primaryimage"},"image":{"@id":"https:\/\/carlmalmstenstiftelsen.se\/en\/the-carl-malmsten-room\/#primaryimage"},"thumbnailUrl":"https:\/\/carlmalmstenstiftelsen.se\/wp-content\/uploads\/2020\/01\/63ccd806-a676-405e-9bf9-e0820054f24c.jpg","datePublished":"2020-01-21T08:17:51+00:00","dateModified":"2020-01-22T07:41:12+00:00","breadcrumb":{"@id":"https:\/\/carlmalmstenstiftelsen.se\/en\/the-carl-malmsten-room\/#breadcrumb"},"inLanguage":"en-US","potentialAction":[{"@type":"ReadAction","target":["https:\/\/carlmalmstenstiftelsen.se\/en\/the-carl-malmsten-room\/"]}]},{"@type":"ImageObject","inLanguage":"en-US","@id":"https:\/\/carlmalmstenstiftelsen.se\/en\/the-carl-malmsten-room\/#primaryimage","url":"https:\/\/carlmalmstenstiftelsen.se\/wp-content\/uploads\/2020\/01\/63ccd806-a676-405e-9bf9-e0820054f24c.jpg","contentUrl":"https:\/\/carlmalmstenstiftelsen.se\/wp-content\/uploads\/2020\/01\/63ccd806-a676-405e-9bf9-e0820054f24c.jpg","width":945,"height":630},{"@type":"BreadcrumbList","@id":"https:\/\/carlmalmstenstiftelsen.se\/en\/the-carl-malmsten-room\/#breadcrumb","itemListElement":[{"@type":"ListItem","position":1,"name":"Hem","item":"https:\/\/carlmalmstenstiftelsen.se\/en\/"},{"@type":"ListItem","position":2,"name":"The Carl Malmsten Room"}]},{"@type":"WebSite","@id":"https:\/\/carlmalmstenstiftelsen.se\/en\/#website","url":"https:\/\/carlmalmstenstiftelsen.se\/en\/","name":"Carl Malmsten","description":"M\u00f6belm\u00e4staren","publisher":{"@id":"https:\/\/carlmalmstenstiftelsen.se\/en\/#organization"},"potentialAction":[{"@type":"SearchAction","target":{"@type":"EntryPoint","urlTemplate":"https:\/\/carlmalmstenstiftelsen.se\/en\/?s={search_term_string}"},"query-input":{"@type":"PropertyValueSpecification","valueRequired":true,"valueName":"search_term_string"}}],"inLanguage":"en-US"},{"@type":"Organization","@id":"https:\/\/carlmalmstenstiftelsen.se\/en\/#organization","name":"Carl Malmsten","url":"https:\/\/carlmalmstenstiftelsen.se\/en\/","logo":{"@type":"ImageObject","inLanguage":"en-US","@id":"https:\/\/carlmalmstenstiftelsen.se\/en\/#\/schema\/logo\/image\/","url":"https:\/\/carlmalmstenstiftelsen.se\/wp-content\/uploads\/2023\/01\/STIFTELSEN-sigill-svart-3.png","contentUrl":"https:\/\/carlmalmstenstiftelsen.se\/wp-content\/uploads\/2023\/01\/STIFTELSEN-sigill-svart-3.png","width":1442,"height":854,"caption":"Carl Malmsten"},"image":{"@id":"https:\/\/carlmalmstenstiftelsen.se\/en\/#\/schema\/logo\/image\/"}},{"@type":"Person","@id":"https:\/\/carlmalmstenstiftelsen.se\/en\/#\/schema\/person\/40435a9b7208eda7acc0f47450f6924a","name":"Mats","image":{"@type":"ImageObject","inLanguage":"en-US","@id":"https:\/\/carlmalmstenstiftelsen.se\/en\/#\/schema\/person\/image\/","url":"https:\/\/secure.gravatar.com\/avatar\/0b131c81e29eca88bb2e25680ef9f01a5d9993c18a5a1ff3e0c4b6a50ac4edad?s=96&d=mm&r=g","contentUrl":"https:\/\/secure.gravatar.com\/avatar\/0b131c81e29eca88bb2e25680ef9f01a5d9993c18a5a1ff3e0c4b6a50ac4edad?s=96&d=mm&r=g","caption":"Mats"},"url":"https:\/\/carlmalmstenstiftelsen.se\/en\/author\/mats\/"}]}},"_links":{"self":[{"href":"https:\/\/carlmalmstenstiftelsen.se\/en\/wp-json\/wp\/v2\/posts\/3239","targetHints":{"allow":["GET"]}}],"collection":[{"href":"https:\/\/carlmalmstenstiftelsen.se\/en\/wp-json\/wp\/v2\/posts"}],"about":[{"href":"https:\/\/carlmalmstenstiftelsen.se\/en\/wp-json\/wp\/v2\/types\/post"}],"author":[{"embeddable":true,"href":"https:\/\/carlmalmstenstiftelsen.se\/en\/wp-json\/wp\/v2\/users\/6"}],"replies":[{"embeddable":true,"href":"https:\/\/carlmalmstenstiftelsen.se\/en\/wp-json\/wp\/v2\/comments?post=3239"}],"version-history":[{"count":4,"href":"https:\/\/carlmalmstenstiftelsen.se\/en\/wp-json\/wp\/v2\/posts\/3239\/revisions"}],"predecessor-version":[{"id":3311,"href":"https:\/\/carlmalmstenstiftelsen.se\/en\/wp-json\/wp\/v2\/posts\/3239\/revisions\/3311"}],"wp:featuredmedia":[{"embeddable":true,"href":"https:\/\/carlmalmstenstiftelsen.se\/en\/wp-json\/wp\/v2\/media\/3242"}],"wp:attachment":[{"href":"https:\/\/carlmalmstenstiftelsen.se\/en\/wp-json\/wp\/v2\/media?parent=3239"}],"wp:term":[{"taxonomy":"category","embeddable":true,"href":"https:\/\/carlmalmstenstiftelsen.se\/en\/wp-json\/wp\/v2\/categories?post=3239"},{"taxonomy":"post_tag","embeddable":true,"href":"https:\/\/carlmalmstenstiftelsen.se\/en\/wp-json\/wp\/v2\/tags?post=3239"}],"curies":[{"name":"wp","href":"https:\/\/api.w.org\/{rel}","templated":true}]}}