{"id":2794,"date":"2019-03-06T13:35:38","date_gmt":"2019-03-06T12:35:38","guid":{"rendered":"http:\/\/carlmalmsten.se\/widemars-arv\/"},"modified":"2019-03-12T09:37:08","modified_gmt":"2019-03-12T08:37:08","slug":"widemars-arv","status":"publish","type":"post","link":"https:\/\/carlmalmstenstiftelsen.se\/en\/widemars-arv\/","title":{"rendered":"Widemar\u2019s heritage"},"content":{"rendered":"<h3>Ingrid<\/h3>\n<p>Ingrid G\u00e4rde was born on 24 March 1912 in J\u00f6nk\u00f6ping, Sm\u00e5land. However, she got a taste of city life already as a young girl, when her father became a Justice of the Supreme Court and Minister for Justice in Sweden in the 1920s and 30s. She herself went on to study Law in Stockholm and was active both politically and academically.<\/p>\n<p>In 1936, Ingrid got her Law degree from Stockholm University and immediately started serving as a law clerk at the Stockholm Town Hall Court. After that, she held several positions before starting as a junior judge at the Svea Court of Appeal in 1940. It was for this job that she felt the need for a suitable chair and contacted Carl Malmsten to realise her plans.<\/p>\n<div id=\"attachment_2683\" style=\"width: 561px\" class=\"wp-caption aligncenter\"><img loading=\"lazy\" decoding=\"async\" aria-describedby=\"caption-attachment-2683\" class=\"wp-image-2683 size-full\" src=\"https:\/\/carlmalmstenstiftelsen.se\/wp-content\/uploads\/2019\/03\/fm1974020079-3.png\" alt=\"\" width=\"551\" height=\"686\" srcset=\"https:\/\/carlmalmstenstiftelsen.se\/wp-content\/uploads\/2019\/03\/fm1974020079-3.png 551w, https:\/\/carlmalmstenstiftelsen.se\/wp-content\/uploads\/2019\/03\/fm1974020079-3-241x300.png 241w\" sizes=\"auto, (max-width: 551px) 100vw, 551px\" \/><p id=\"caption-attachment-2683\" class=\"wp-caption-text\">Ingrid G\u00e4rde-Widemar from the series \u201cFamous Swedes\u201d, 1971, Moderna Museet. Portrayed by Benno Movin-Hermes. Photo reproduction by Albin Dahlstr\u00f6m<\/p><\/div>\n<p>Ingrid continued her brilliant career both within politics and law, and in 1968 she became the first woman to be appointed Justice of the Supreme Court of Sweden. She pursued powerful issues, for example the abolishment of joint taxation and the right of women to keep their own surname after marriage and, not least, she carried out an investigation as to why it was so difficult for women to gain employment within the government. The inquiry was applauded by the media and resulted in the book Hatt och huva (Hat and Hood) and changes to legislation. When Ingrid died in January 2009, she left a legacy of laws that were praised when they were adopted, and that now many Swedes take for granted. She also left behind the memory of a person who dared to go her own way in life, and a large cultural capital, including an armchair.<\/p>\n<h3>Archive Collection<\/h3>\n<p>In 2016, the new board of Carl Malmsten AB saw a need to broaden the range and reaffirm the brand. The designers Anna Kraitz and Lars B\u00fclow were appointed to lead the project, and the Archive Collection, in which the armchair Widemar is included, emerged. The chair has been developed at Stolab in a process whereby the original drawing and physical chair were analysed and weighed up to form a whole, all based on Carl Malmsten\u2019s original sketches.<\/p>\n<h3>Julia<\/h3>\n<p>Julia Greek has been responsible for the interpretation of Malmsten\u2019s drawings and chair. She is a cabinet maker who received the top grade of 5.0 and a Grand Silver award for her exam piece at Malmstens a few years ago. A grade and honour only give to a very few.<\/p>\n<div id=\"attachment_2681\" style=\"width: 1290px\" class=\"wp-caption alignnone\"><img loading=\"lazy\" decoding=\"async\" aria-describedby=\"caption-attachment-2681\" class=\"size-full wp-image-2681\" src=\"https:\/\/carlmalmstenstiftelsen.se\/wp-content\/uploads\/2019\/03\/1280x760-julia.jpg\" alt=\"\" width=\"1280\" height=\"760\" srcset=\"https:\/\/carlmalmstenstiftelsen.se\/wp-content\/uploads\/2019\/03\/1280x760-julia.jpg 1280w, https:\/\/carlmalmstenstiftelsen.se\/wp-content\/uploads\/2019\/03\/1280x760-julia-300x178.jpg 300w, https:\/\/carlmalmstenstiftelsen.se\/wp-content\/uploads\/2019\/03\/1280x760-julia-768x456.jpg 768w, https:\/\/carlmalmstenstiftelsen.se\/wp-content\/uploads\/2019\/03\/1280x760-julia-1024x608.jpg 1024w, https:\/\/carlmalmstenstiftelsen.se\/wp-content\/uploads\/2019\/03\/1280x760-julia-1000x594.jpg 1000w\" sizes=\"auto, (max-width: 1280px) 100vw, 1280px\" \/><p id=\"caption-attachment-2681\" class=\"wp-caption-text\">Julia Greek at Stolab. Foto: Jesper Molin.<\/p><\/div>\n<p>\u201cIt is a complex and advanced piece of furniture with many crafted details. I interpreted the hand drawn drawing from 1942 and created a computer generated 3D model. We then compared this with an old Widemar chair that we borrowed from the Siv and Carl Malmsten Memorial Foundation\u201d, Julia explains.<\/p>\n<p>The first prototype was ready in October and was scrutinised by an expert appointed by the foundation \u2013 Martin Altwegg, a cabinet maker and senior lecturer at Malmstens. After some adjustments, Julia has been involved in the making of a number of chairs for a first series. Both Computer Numerical Control (CNC) machines and hand planes came into use.<\/p>\n<div id=\"attachment_2679\" style=\"width: 770px\" class=\"wp-caption alignnone\"><img loading=\"lazy\" decoding=\"async\" aria-describedby=\"caption-attachment-2679\" class=\"size-full wp-image-2679\" src=\"https:\/\/carlmalmstenstiftelsen.se\/wp-content\/uploads\/2019\/03\/1280x760-2-2.jpg\" alt=\"\" width=\"760\" height=\"1280\" srcset=\"https:\/\/carlmalmstenstiftelsen.se\/wp-content\/uploads\/2019\/03\/1280x760-2-2.jpg 760w, https:\/\/carlmalmstenstiftelsen.se\/wp-content\/uploads\/2019\/03\/1280x760-2-2-178x300.jpg 178w, https:\/\/carlmalmstenstiftelsen.se\/wp-content\/uploads\/2019\/03\/1280x760-2-2-608x1024.jpg 608w, https:\/\/carlmalmstenstiftelsen.se\/wp-content\/uploads\/2019\/03\/1280x760-2-2-594x1000.jpg 594w\" sizes=\"auto, (max-width: 760px) 100vw, 760px\" \/><p id=\"caption-attachment-2679\" class=\"wp-caption-text\">Widemar armchair. Photo: Jesper Molin.<\/p><\/div>\n<p>\u201cGetting the top piece and armrest to run in a continuous form, a beautiful line which frames the chair, has been a challenge\u201d, Julia adds. \u201cIt is about subtle details that are so important for the whole! It is incredibly fun to be part of a project like this, where we have used such an old drawing as a starting point, interpreted and adjusted for production of a prototype and finished product. I am satisfied and proud when I look at the end product. And it\u2019s lovely that Widemar and Stolab have received so much attention.<\/p>\n<h3>Heritage<\/h3>\n<p>Of course, it is great that Stolab are now making and delivering yet another beautiful chair for their customers, but this story brings even more benefit. During her lifetime, Ingrid G\u00e4rde Widemar had a fundamental impact on Swedish society and for many people she is a hero. The fact that the chair she once ordered has been brought out again, means that her achievements within Swedish humanism now become known to a completely new target group. A group that would probably not otherwise have read about her in history books or learnt how the paragraphs in the statute book came about. This chair will have a new lease of life and perhaps help create new stories for the benefit of humankind.<\/p>\n<p><em>Text: Amanda Ostwald. From <a href=\"https:\/\/inredningsarkitektur.se\/nyheter\/ikonen-widemar\/\" target=\"_blank\" rel=\"noopener noreferrer\">inredningsarkitektur.se<\/a>.<\/em><\/p>\n","protected":false},"excerpt":{"rendered":"<p>Ingrid Ingrid G\u00e4rde was born on 24 March 1912 in J\u00f6nk\u00f6ping, Sm\u00e5land. However, she got a taste of city life already as a young girl, when her father became a Justice of the Supreme Court and Minister for Justice in Sweden in the 1920s and 30s. She herself went on to study Law in Stockholm [&hellip;]<\/p>\n","protected":false},"author":6,"featured_media":2686,"comment_status":"open","ping_status":"open","sticky":false,"template":"","format":"standard","meta":{"_acf_changed":false,"inline_featured_image":false,"footnotes":""},"categories":[13],"tags":[],"class_list":["post-2794","post","type-post","status-publish","format-standard","has-post-thumbnail","hentry","category-uncategorized"],"acf":[],"yoast_head":"<!-- This site is optimized with the Yoast SEO plugin v26.4 - https:\/\/yoast.com\/wordpress\/plugins\/seo\/ -->\n<title>Widemar\u2019s heritage - Carl Malmsten<\/title>\n<meta name=\"robots\" content=\"index, follow, max-snippet:-1, max-image-preview:large, max-video-preview:-1\" \/>\n<link rel=\"canonical\" href=\"https:\/\/carlmalmstenstiftelsen.se\/en\/widemars-arv\/\" \/>\n<meta property=\"og:locale\" content=\"en_US\" \/>\n<meta property=\"og:type\" content=\"article\" \/>\n<meta property=\"og:title\" content=\"Widemar\u2019s heritage - Carl Malmsten\" \/>\n<meta property=\"og:description\" content=\"Ingrid Ingrid G\u00e4rde was born on 24 March 1912 in J\u00f6nk\u00f6ping, Sm\u00e5land. However, she got a taste of city life already as a young girl, when her father became a Justice of the Supreme Court and Minister for Justice in Sweden in the 1920s and 30s. She herself went on to study Law in Stockholm [&hellip;]\" \/>\n<meta property=\"og:url\" content=\"https:\/\/carlmalmstenstiftelsen.se\/en\/widemars-arv\/\" \/>\n<meta property=\"og:site_name\" content=\"Carl Malmsten\" \/>\n<meta property=\"article:published_time\" content=\"2019-03-06T12:35:38+00:00\" \/>\n<meta property=\"article:modified_time\" content=\"2019-03-12T08:37:08+00:00\" \/>\n<meta property=\"og:image\" content=\"https:\/\/carlmalmstenstiftelsen.se\/wp-content\/uploads\/2019\/03\/nantingx820-1.jpg\" \/>\n\t<meta property=\"og:image:width\" content=\"1006\" \/>\n\t<meta property=\"og:image:height\" content=\"820\" \/>\n\t<meta property=\"og:image:type\" content=\"image\/jpeg\" \/>\n<meta name=\"author\" content=\"Mats\" \/>\n<meta name=\"twitter:card\" content=\"summary_large_image\" \/>\n<meta name=\"twitter:label1\" content=\"Written by\" \/>\n\t<meta name=\"twitter:data1\" content=\"Mats\" \/>\n\t<meta name=\"twitter:label2\" content=\"Est. reading time\" \/>\n\t<meta name=\"twitter:data2\" content=\"4 minutes\" \/>\n<script type=\"application\/ld+json\" class=\"yoast-schema-graph\">{\"@context\":\"https:\/\/schema.org\",\"@graph\":[{\"@type\":\"Article\",\"@id\":\"https:\/\/carlmalmstenstiftelsen.se\/en\/widemars-arv\/#article\",\"isPartOf\":{\"@id\":\"https:\/\/carlmalmstenstiftelsen.se\/en\/widemars-arv\/\"},\"author\":{\"name\":\"Mats\",\"@id\":\"https:\/\/carlmalmstenstiftelsen.se\/en\/#\/schema\/person\/40435a9b7208eda7acc0f47450f6924a\"},\"headline\":\"Widemar\u2019s heritage\",\"datePublished\":\"2019-03-06T12:35:38+00:00\",\"dateModified\":\"2019-03-12T08:37:08+00:00\",\"mainEntityOfPage\":{\"@id\":\"https:\/\/carlmalmstenstiftelsen.se\/en\/widemars-arv\/\"},\"wordCount\":796,\"commentCount\":0,\"publisher\":{\"@id\":\"https:\/\/carlmalmstenstiftelsen.se\/en\/#organization\"},\"image\":{\"@id\":\"https:\/\/carlmalmstenstiftelsen.se\/en\/widemars-arv\/#primaryimage\"},\"thumbnailUrl\":\"https:\/\/carlmalmstenstiftelsen.se\/wp-content\/uploads\/2019\/03\/nantingx820-1.jpg\",\"inLanguage\":\"en-US\"},{\"@type\":\"WebPage\",\"@id\":\"https:\/\/carlmalmstenstiftelsen.se\/en\/widemars-arv\/\",\"url\":\"https:\/\/carlmalmstenstiftelsen.se\/en\/widemars-arv\/\",\"name\":\"Widemar\u2019s heritage - Carl Malmsten\",\"isPartOf\":{\"@id\":\"https:\/\/carlmalmstenstiftelsen.se\/en\/#website\"},\"primaryImageOfPage\":{\"@id\":\"https:\/\/carlmalmstenstiftelsen.se\/en\/widemars-arv\/#primaryimage\"},\"image\":{\"@id\":\"https:\/\/carlmalmstenstiftelsen.se\/en\/widemars-arv\/#primaryimage\"},\"thumbnailUrl\":\"https:\/\/carlmalmstenstiftelsen.se\/wp-content\/uploads\/2019\/03\/nantingx820-1.jpg\",\"datePublished\":\"2019-03-06T12:35:38+00:00\",\"dateModified\":\"2019-03-12T08:37:08+00:00\",\"breadcrumb\":{\"@id\":\"https:\/\/carlmalmstenstiftelsen.se\/en\/widemars-arv\/#breadcrumb\"},\"inLanguage\":\"en-US\",\"potentialAction\":[{\"@type\":\"ReadAction\",\"target\":[\"https:\/\/carlmalmstenstiftelsen.se\/en\/widemars-arv\/\"]}]},{\"@type\":\"ImageObject\",\"inLanguage\":\"en-US\",\"@id\":\"https:\/\/carlmalmstenstiftelsen.se\/en\/widemars-arv\/#primaryimage\",\"url\":\"https:\/\/carlmalmstenstiftelsen.se\/wp-content\/uploads\/2019\/03\/nantingx820-1.jpg\",\"contentUrl\":\"https:\/\/carlmalmstenstiftelsen.se\/wp-content\/uploads\/2019\/03\/nantingx820-1.jpg\",\"width\":1006,\"height\":820,\"caption\":\"Foto: Jesper Molin\"},{\"@type\":\"BreadcrumbList\",\"@id\":\"https:\/\/carlmalmstenstiftelsen.se\/en\/widemars-arv\/#breadcrumb\",\"itemListElement\":[{\"@type\":\"ListItem\",\"position\":1,\"name\":\"Hem\",\"item\":\"https:\/\/carlmalmstenstiftelsen.se\/en\/\"},{\"@type\":\"ListItem\",\"position\":2,\"name\":\"Widemar\u2019s heritage\"}]},{\"@type\":\"WebSite\",\"@id\":\"https:\/\/carlmalmstenstiftelsen.se\/en\/#website\",\"url\":\"https:\/\/carlmalmstenstiftelsen.se\/en\/\",\"name\":\"Carl Malmsten\",\"description\":\"M\u00f6belm\u00e4staren\",\"publisher\":{\"@id\":\"https:\/\/carlmalmstenstiftelsen.se\/en\/#organization\"},\"potentialAction\":[{\"@type\":\"SearchAction\",\"target\":{\"@type\":\"EntryPoint\",\"urlTemplate\":\"https:\/\/carlmalmstenstiftelsen.se\/en\/?s={search_term_string}\"},\"query-input\":{\"@type\":\"PropertyValueSpecification\",\"valueRequired\":true,\"valueName\":\"search_term_string\"}}],\"inLanguage\":\"en-US\"},{\"@type\":\"Organization\",\"@id\":\"https:\/\/carlmalmstenstiftelsen.se\/en\/#organization\",\"name\":\"Carl Malmsten\",\"url\":\"https:\/\/carlmalmstenstiftelsen.se\/en\/\",\"logo\":{\"@type\":\"ImageObject\",\"inLanguage\":\"en-US\",\"@id\":\"https:\/\/carlmalmstenstiftelsen.se\/en\/#\/schema\/logo\/image\/\",\"url\":\"https:\/\/carlmalmstenstiftelsen.se\/wp-content\/uploads\/2023\/01\/STIFTELSEN-sigill-svart-3.png\",\"contentUrl\":\"https:\/\/carlmalmstenstiftelsen.se\/wp-content\/uploads\/2023\/01\/STIFTELSEN-sigill-svart-3.png\",\"width\":1442,\"height\":854,\"caption\":\"Carl Malmsten\"},\"image\":{\"@id\":\"https:\/\/carlmalmstenstiftelsen.se\/en\/#\/schema\/logo\/image\/\"}},{\"@type\":\"Person\",\"@id\":\"https:\/\/carlmalmstenstiftelsen.se\/en\/#\/schema\/person\/40435a9b7208eda7acc0f47450f6924a\",\"name\":\"Mats\",\"image\":{\"@type\":\"ImageObject\",\"inLanguage\":\"en-US\",\"@id\":\"https:\/\/carlmalmstenstiftelsen.se\/en\/#\/schema\/person\/image\/\",\"url\":\"https:\/\/secure.gravatar.com\/avatar\/0b131c81e29eca88bb2e25680ef9f01a5d9993c18a5a1ff3e0c4b6a50ac4edad?s=96&d=mm&r=g\",\"contentUrl\":\"https:\/\/secure.gravatar.com\/avatar\/0b131c81e29eca88bb2e25680ef9f01a5d9993c18a5a1ff3e0c4b6a50ac4edad?s=96&d=mm&r=g\",\"caption\":\"Mats\"},\"url\":\"https:\/\/carlmalmstenstiftelsen.se\/en\/author\/mats\/\"}]}<\/script>\n<!-- \/ Yoast SEO plugin. -->","yoast_head_json":{"title":"Widemar\u2019s heritage - Carl Malmsten","robots":{"index":"index","follow":"follow","max-snippet":"max-snippet:-1","max-image-preview":"max-image-preview:large","max-video-preview":"max-video-preview:-1"},"canonical":"https:\/\/carlmalmstenstiftelsen.se\/en\/widemars-arv\/","og_locale":"en_US","og_type":"article","og_title":"Widemar\u2019s heritage - Carl Malmsten","og_description":"Ingrid Ingrid G\u00e4rde was born on 24 March 1912 in J\u00f6nk\u00f6ping, Sm\u00e5land. However, she got a taste of city life already as a young girl, when her father became a Justice of the Supreme Court and Minister for Justice in Sweden in the 1920s and 30s. She herself went on to study Law in Stockholm [&hellip;]","og_url":"https:\/\/carlmalmstenstiftelsen.se\/en\/widemars-arv\/","og_site_name":"Carl Malmsten","article_published_time":"2019-03-06T12:35:38+00:00","article_modified_time":"2019-03-12T08:37:08+00:00","og_image":[{"width":1006,"height":820,"url":"https:\/\/carlmalmstenstiftelsen.se\/wp-content\/uploads\/2019\/03\/nantingx820-1.jpg","type":"image\/jpeg"}],"author":"Mats","twitter_card":"summary_large_image","twitter_misc":{"Written by":"Mats","Est. reading time":"4 minutes"},"schema":{"@context":"https:\/\/schema.org","@graph":[{"@type":"Article","@id":"https:\/\/carlmalmstenstiftelsen.se\/en\/widemars-arv\/#article","isPartOf":{"@id":"https:\/\/carlmalmstenstiftelsen.se\/en\/widemars-arv\/"},"author":{"name":"Mats","@id":"https:\/\/carlmalmstenstiftelsen.se\/en\/#\/schema\/person\/40435a9b7208eda7acc0f47450f6924a"},"headline":"Widemar\u2019s heritage","datePublished":"2019-03-06T12:35:38+00:00","dateModified":"2019-03-12T08:37:08+00:00","mainEntityOfPage":{"@id":"https:\/\/carlmalmstenstiftelsen.se\/en\/widemars-arv\/"},"wordCount":796,"commentCount":0,"publisher":{"@id":"https:\/\/carlmalmstenstiftelsen.se\/en\/#organization"},"image":{"@id":"https:\/\/carlmalmstenstiftelsen.se\/en\/widemars-arv\/#primaryimage"},"thumbnailUrl":"https:\/\/carlmalmstenstiftelsen.se\/wp-content\/uploads\/2019\/03\/nantingx820-1.jpg","inLanguage":"en-US"},{"@type":"WebPage","@id":"https:\/\/carlmalmstenstiftelsen.se\/en\/widemars-arv\/","url":"https:\/\/carlmalmstenstiftelsen.se\/en\/widemars-arv\/","name":"Widemar\u2019s heritage - Carl Malmsten","isPartOf":{"@id":"https:\/\/carlmalmstenstiftelsen.se\/en\/#website"},"primaryImageOfPage":{"@id":"https:\/\/carlmalmstenstiftelsen.se\/en\/widemars-arv\/#primaryimage"},"image":{"@id":"https:\/\/carlmalmstenstiftelsen.se\/en\/widemars-arv\/#primaryimage"},"thumbnailUrl":"https:\/\/carlmalmstenstiftelsen.se\/wp-content\/uploads\/2019\/03\/nantingx820-1.jpg","datePublished":"2019-03-06T12:35:38+00:00","dateModified":"2019-03-12T08:37:08+00:00","breadcrumb":{"@id":"https:\/\/carlmalmstenstiftelsen.se\/en\/widemars-arv\/#breadcrumb"},"inLanguage":"en-US","potentialAction":[{"@type":"ReadAction","target":["https:\/\/carlmalmstenstiftelsen.se\/en\/widemars-arv\/"]}]},{"@type":"ImageObject","inLanguage":"en-US","@id":"https:\/\/carlmalmstenstiftelsen.se\/en\/widemars-arv\/#primaryimage","url":"https:\/\/carlmalmstenstiftelsen.se\/wp-content\/uploads\/2019\/03\/nantingx820-1.jpg","contentUrl":"https:\/\/carlmalmstenstiftelsen.se\/wp-content\/uploads\/2019\/03\/nantingx820-1.jpg","width":1006,"height":820,"caption":"Foto: Jesper Molin"},{"@type":"BreadcrumbList","@id":"https:\/\/carlmalmstenstiftelsen.se\/en\/widemars-arv\/#breadcrumb","itemListElement":[{"@type":"ListItem","position":1,"name":"Hem","item":"https:\/\/carlmalmstenstiftelsen.se\/en\/"},{"@type":"ListItem","position":2,"name":"Widemar\u2019s heritage"}]},{"@type":"WebSite","@id":"https:\/\/carlmalmstenstiftelsen.se\/en\/#website","url":"https:\/\/carlmalmstenstiftelsen.se\/en\/","name":"Carl Malmsten","description":"M\u00f6belm\u00e4staren","publisher":{"@id":"https:\/\/carlmalmstenstiftelsen.se\/en\/#organization"},"potentialAction":[{"@type":"SearchAction","target":{"@type":"EntryPoint","urlTemplate":"https:\/\/carlmalmstenstiftelsen.se\/en\/?s={search_term_string}"},"query-input":{"@type":"PropertyValueSpecification","valueRequired":true,"valueName":"search_term_string"}}],"inLanguage":"en-US"},{"@type":"Organization","@id":"https:\/\/carlmalmstenstiftelsen.se\/en\/#organization","name":"Carl Malmsten","url":"https:\/\/carlmalmstenstiftelsen.se\/en\/","logo":{"@type":"ImageObject","inLanguage":"en-US","@id":"https:\/\/carlmalmstenstiftelsen.se\/en\/#\/schema\/logo\/image\/","url":"https:\/\/carlmalmstenstiftelsen.se\/wp-content\/uploads\/2023\/01\/STIFTELSEN-sigill-svart-3.png","contentUrl":"https:\/\/carlmalmstenstiftelsen.se\/wp-content\/uploads\/2023\/01\/STIFTELSEN-sigill-svart-3.png","width":1442,"height":854,"caption":"Carl Malmsten"},"image":{"@id":"https:\/\/carlmalmstenstiftelsen.se\/en\/#\/schema\/logo\/image\/"}},{"@type":"Person","@id":"https:\/\/carlmalmstenstiftelsen.se\/en\/#\/schema\/person\/40435a9b7208eda7acc0f47450f6924a","name":"Mats","image":{"@type":"ImageObject","inLanguage":"en-US","@id":"https:\/\/carlmalmstenstiftelsen.se\/en\/#\/schema\/person\/image\/","url":"https:\/\/secure.gravatar.com\/avatar\/0b131c81e29eca88bb2e25680ef9f01a5d9993c18a5a1ff3e0c4b6a50ac4edad?s=96&d=mm&r=g","contentUrl":"https:\/\/secure.gravatar.com\/avatar\/0b131c81e29eca88bb2e25680ef9f01a5d9993c18a5a1ff3e0c4b6a50ac4edad?s=96&d=mm&r=g","caption":"Mats"},"url":"https:\/\/carlmalmstenstiftelsen.se\/en\/author\/mats\/"}]}},"_links":{"self":[{"href":"https:\/\/carlmalmstenstiftelsen.se\/en\/wp-json\/wp\/v2\/posts\/2794","targetHints":{"allow":["GET"]}}],"collection":[{"href":"https:\/\/carlmalmstenstiftelsen.se\/en\/wp-json\/wp\/v2\/posts"}],"about":[{"href":"https:\/\/carlmalmstenstiftelsen.se\/en\/wp-json\/wp\/v2\/types\/post"}],"author":[{"embeddable":true,"href":"https:\/\/carlmalmstenstiftelsen.se\/en\/wp-json\/wp\/v2\/users\/6"}],"replies":[{"embeddable":true,"href":"https:\/\/carlmalmstenstiftelsen.se\/en\/wp-json\/wp\/v2\/comments?post=2794"}],"version-history":[{"count":3,"href":"https:\/\/carlmalmstenstiftelsen.se\/en\/wp-json\/wp\/v2\/posts\/2794\/revisions"}],"predecessor-version":[{"id":2852,"href":"https:\/\/carlmalmstenstiftelsen.se\/en\/wp-json\/wp\/v2\/posts\/2794\/revisions\/2852"}],"wp:featuredmedia":[{"embeddable":true,"href":"https:\/\/carlmalmstenstiftelsen.se\/en\/wp-json\/wp\/v2\/media\/2686"}],"wp:attachment":[{"href":"https:\/\/carlmalmstenstiftelsen.se\/en\/wp-json\/wp\/v2\/media?parent=2794"}],"wp:term":[{"taxonomy":"category","embeddable":true,"href":"https:\/\/carlmalmstenstiftelsen.se\/en\/wp-json\/wp\/v2\/categories?post=2794"},{"taxonomy":"post_tag","embeddable":true,"href":"https:\/\/carlmalmstenstiftelsen.se\/en\/wp-json\/wp\/v2\/tags?post=2794"}],"curies":[{"name":"wp","href":"https:\/\/api.w.org\/{rel}","templated":true}]}}